{"id":49523,"date":"2024-11-01T00:07:44","date_gmt":"2024-11-01T06:07:44","guid":{"rendered":"https:\/\/politicosaldesnudo.com.mx\/?p=49523"},"modified":"2024-10-31T21:01:26","modified_gmt":"2024-11-01T03:01:26","slug":"protestan-comunicadores-de-chilpancingo-por-asesinatos-de-periodistas","status":"publish","type":"post","link":"https:\/\/politicosaldesnudo.com.mx\/index.php\/2024\/11\/01\/protestan-comunicadores-de-chilpancingo-por-asesinatos-de-periodistas\/","title":{"rendered":"Protestan comunicadores de Chilpancingo por asesinatos de periodistas"},"content":{"rendered":"<p><span style=\"font-size: 14pt;\">Periodistas de diversos medios de comunicaci\u00f3n de Chilpancingo,\u00a0Guerrero, se manifestaron en la puerta de la delegaci\u00f3n estatal de la Fiscal\u00eda General de la Rep\u00fablica para\u00a0repudiar dos cr\u00edmenes de periodistas que se registraron en el pa\u00eds\u00a0en menos de 24 horas.<\/span><\/p>\n<p><span style=\"font-size: 14pt;\">La protesta fue por los\u00a0asesinatos de los periodistas\u00a0Mauricio Cruz Solis\u00a0en Michoac\u00e1n y\u00a0Patricia Ram\u00edrez Gonz\u00e1lez\u00a0en Colima,\u00a0ambos\u00a0atacados a balazos.<\/span><\/p>\n","protected":false},"excerpt":{"rendered":"<p>Periodistas de diversos medios de comunicaci\u00f3n de Chilpancingo,\u00a0Guerrero, se manifestaron en la puerta de la delegaci\u00f3n estatal de la Fiscal\u00eda<\/p>\n","protected":false},"author":4,"featured_media":49524,"comment_status":"closed","ping_status":"closed","sticky":false,"template":"","format":"standard","meta":{"colormag_page_container_layout":"default_layout","colormag_page_sidebar_layout":"default_layout","_jetpack_memberships_contains_paid_content":false,"footnotes":"","jetpack_publicize_message":"","jetpack_publicize_feature_enabled":true,"jetpack_social_post_already_shared":false,"jetpack_social_options":{"image_generator_settings":{"template":"highway","default_image_id":0,"font":"","enabled":false},"version":2}},"categories":[33],"tags":[],"class_list":["post-49523","post","type-post","status-publish","format-standard","has-post-thumbnail","hentry","category-nacional"],"jetpack_publicize_connections":[],"jetpack_featured_media_url":"https:\/\/i0.wp.com\/politicosaldesnudo.com.mx\/wp-content\/uploads\/2024\/10\/Protesta-Periodistas.jpg?fit=768%2C479&ssl=1","jetpack-related-posts":[],"jetpack_sharing_enabled":true,"_links":{"self":[{"href":"https:\/\/politicosaldesnudo.com.mx\/index.php\/wp-json\/wp\/v2\/posts\/49523","targetHints":{"allow":["GET"]}}],"collection":[{"href":"https:\/\/politicosaldesnudo.com.mx\/index.php\/wp-json\/wp\/v2\/posts"}],"about":[{"href":"https:\/\/politicosaldesnudo.com.mx\/index.php\/wp-json\/wp\/v2\/types\/post"}],"author":[{"embeddable":true,"href":"https:\/\/politicosaldesnudo.com.mx\/index.php\/wp-json\/wp\/v2\/users\/4"}],"replies":[{"embeddable":true,"href":"https:\/\/politicosaldesnudo.com.mx\/index.php\/wp-json\/wp\/v2\/comments?post=49523"}],"version-history":[{"count":0,"href":"https:\/\/politicosaldesnudo.com.mx\/index.php\/wp-json\/wp\/v2\/posts\/49523\/revisions"}],"wp:featuredmedia":[{"embeddable":true,"href":"https:\/\/politicosaldesnudo.com.mx\/index.php\/wp-json\/wp\/v2\/media\/49524"}],"wp:attachment":[{"href":"https:\/\/politicosaldesnudo.com.mx\/index.php\/wp-json\/wp\/v2\/media?parent=49523"}],"wp:term":[{"taxonomy":"category","embeddable":true,"href":"https:\/\/politicosaldesnudo.com.mx\/index.php\/wp-json\/wp\/v2\/categories?post=49523"},{"taxonomy":"post_tag","embeddable":true,"href":"https:\/\/politicosaldesnudo.com.mx\/index.php\/wp-json\/wp\/v2\/tags?post=49523"}],"curies":[{"name":"wp","href":"https:\/\/api.w.org\/{rel}","templated":true}]}}