{"id":49539,"date":"2024-11-01T00:12:52","date_gmt":"2024-11-01T06:12:52","guid":{"rendered":"https:\/\/politicosaldesnudo.com.mx\/?p=49539"},"modified":"2024-10-31T21:45:32","modified_gmt":"2024-11-01T03:45:32","slug":"flex-invertira-86-millones-de-dolares-en-jalisco-en-2025","status":"publish","type":"post","link":"https:\/\/politicosaldesnudo.com.mx\/index.php\/2024\/11\/01\/flex-invertira-86-millones-de-dolares-en-jalisco-en-2025\/","title":{"rendered":"Flex invertir\u00e1 86 millones de d\u00f3lares en Jalisco en 2025"},"content":{"rendered":"<p><span style=\"font-size: 14pt;\">La tecnol\u00f3gica\u00a0Flex\u00a0comprometi\u00f3 una inversi\u00f3n de 86 millones de d\u00f3lares (mdd) para 2025 y la generaci\u00f3n de 2,000 nuevos empleos para seguir creciendo sus proyectos en Jalisco, anunci\u00f3 el gobernador Enrique Alfaro, durante el primer d\u00eda de la gira que realizan por el Silicon Valley de San Jos\u00e9, California, empresarios y autoridades salientes y entrantes del estado.<\/span><\/p>\n<p><span style=\"font-size: 14pt;\">\u00abEsta es una empresa que tiene una larga\u00a0historia en Jalisco\u00a0y, solamente en este sexenio, duplic\u00f3 sus exportaciones y se convirti\u00f3 en un l\u00edder fundamental del gran ecosistema de la industria electr\u00f3nica en Jalisco, en M\u00e9xico y en Latinoam\u00e9rica\u00bb, subray\u00f3 Alfaro Ram\u00edrez.<\/span><\/p>\n","protected":false},"excerpt":{"rendered":"<p>La tecnol\u00f3gica\u00a0Flex\u00a0comprometi\u00f3 una inversi\u00f3n de 86 millones de d\u00f3lares (mdd) para 2025 y la generaci\u00f3n de 2,000 nuevos empleos para<\/p>\n","protected":false},"author":4,"featured_media":49540,"comment_status":"closed","ping_status":"closed","sticky":false,"template":"","format":"standard","meta":{"colormag_page_container_layout":"default_layout","colormag_page_sidebar_layout":"default_layout","_jetpack_memberships_contains_paid_content":false,"footnotes":"","jetpack_publicize_message":"","jetpack_publicize_feature_enabled":true,"jetpack_social_post_already_shared":false,"jetpack_social_options":{"image_generator_settings":{"template":"highway","default_image_id":0,"font":"","enabled":false},"version":2}},"categories":[30],"tags":[],"class_list":["post-49539","post","type-post","status-publish","format-standard","has-post-thumbnail","hentry","category-estados"],"jetpack_publicize_connections":[],"jetpack_featured_media_url":"https:\/\/i0.wp.com\/politicosaldesnudo.com.mx\/wp-content\/uploads\/2024\/10\/66edb4293c5b6-1.jpeg?fit=1280%2C720&ssl=1","jetpack-related-posts":[],"jetpack_sharing_enabled":true,"_links":{"self":[{"href":"https:\/\/politicosaldesnudo.com.mx\/index.php\/wp-json\/wp\/v2\/posts\/49539","targetHints":{"allow":["GET"]}}],"collection":[{"href":"https:\/\/politicosaldesnudo.com.mx\/index.php\/wp-json\/wp\/v2\/posts"}],"about":[{"href":"https:\/\/politicosaldesnudo.com.mx\/index.php\/wp-json\/wp\/v2\/types\/post"}],"author":[{"embeddable":true,"href":"https:\/\/politicosaldesnudo.com.mx\/index.php\/wp-json\/wp\/v2\/users\/4"}],"replies":[{"embeddable":true,"href":"https:\/\/politicosaldesnudo.com.mx\/index.php\/wp-json\/wp\/v2\/comments?post=49539"}],"version-history":[{"count":0,"href":"https:\/\/politicosaldesnudo.com.mx\/index.php\/wp-json\/wp\/v2\/posts\/49539\/revisions"}],"wp:featuredmedia":[{"embeddable":true,"href":"https:\/\/politicosaldesnudo.com.mx\/index.php\/wp-json\/wp\/v2\/media\/49540"}],"wp:attachment":[{"href":"https:\/\/politicosaldesnudo.com.mx\/index.php\/wp-json\/wp\/v2\/media?parent=49539"}],"wp:term":[{"taxonomy":"category","embeddable":true,"href":"https:\/\/politicosaldesnudo.com.mx\/index.php\/wp-json\/wp\/v2\/categories?post=49539"},{"taxonomy":"post_tag","embeddable":true,"href":"https:\/\/politicosaldesnudo.com.mx\/index.php\/wp-json\/wp\/v2\/tags?post=49539"}],"curies":[{"name":"wp","href":"https:\/\/api.w.org\/{rel}","templated":true}]}}