{"id":49639,"date":"2024-11-03T00:03:21","date_gmt":"2024-11-03T06:03:21","guid":{"rendered":"https:\/\/politicosaldesnudo.com.mx\/?p=49639"},"modified":"2024-11-02T22:28:32","modified_gmt":"2024-11-03T04:28:32","slug":"no-se-descarta-la-posibilidad-de-usar-urnas-electronicas-en-proximo-proceso-electoral","status":"publish","type":"post","link":"https:\/\/politicosaldesnudo.com.mx\/index.php\/2024\/11\/03\/no-se-descarta-la-posibilidad-de-usar-urnas-electronicas-en-proximo-proceso-electoral\/","title":{"rendered":"No se descarta la posibilidad de usar urnas electr\u00f3nicas en pr\u00f3ximo proceso electoral"},"content":{"rendered":"<p><span style=\"font-size: 14pt;\">Las autoridades de la Junta local del Instituto Nacional Electoral valoran la posibilidad de usar urnas electronicas durante el proceso electoral municipal del 2025, asever\u00f3 Josu\u00e9 Cervantes Mart\u00ednez delegado del INE en Veracruz.<\/span><\/p>\n<p><span style=\"font-size: 14pt;\">Se\u00f1al\u00f3 que esta valoraci\u00f3n tambi\u00e9n est\u00e1 a cargo de los integrantes del Consejo General del INE M\u00e9xico, aunque no descart\u00f3 el uso de las mismas, sobre todo en las casillas especiales.<\/span><\/p>\n<p><span style=\"font-size: 14pt;\">\u201cSe est\u00e1 valorando la posibilidad de que pudiera haber urnas electr\u00f3nicas por parte del INE M\u00e9xico a\u00fan no se define, pudiera haberlas en casillas especiales pero se est\u00e1 haciendo la valoraci\u00f3n. De ser el caso solo ser\u00eda en las casillas especiales\u201d.<\/span><\/p>\n<p><span style=\"font-size: 14pt;\">Cervantes Mart\u00ednez consider\u00f3 que se tienen las condiciones necesarias para el uso de casillas especiales, despu\u00e9s de un diagn\u00f3stico que se ha entregado a las instancias superiores.<\/span><\/p>\n<p><span style=\"font-size: 14pt;\">\u201cLes hemos informado que podr\u00edamos hacer uso de las urnas electr\u00f3nicas\u201d, las cuales ser\u00edan manejadas por INE y ser\u00edan propiedad del mismo Instituto.<\/span><\/p>\n","protected":false},"excerpt":{"rendered":"<p>Las autoridades de la Junta local del Instituto Nacional Electoral valoran la posibilidad de usar urnas electronicas durante el proceso<\/p>\n","protected":false},"author":4,"featured_media":49640,"comment_status":"closed","ping_status":"closed","sticky":false,"template":"","format":"standard","meta":{"colormag_page_container_layout":"default_layout","colormag_page_sidebar_layout":"default_layout","_jetpack_memberships_contains_paid_content":false,"footnotes":"","jetpack_publicize_message":"","jetpack_publicize_feature_enabled":true,"jetpack_social_post_already_shared":false,"jetpack_social_options":{"image_generator_settings":{"template":"highway","default_image_id":0,"font":"","enabled":false},"version":2}},"categories":[1082],"tags":[],"class_list":["post-49639","post","type-post","status-publish","format-standard","has-post-thumbnail","hentry","category-tuxpan"],"jetpack_publicize_connections":[],"jetpack_featured_media_url":"https:\/\/i0.wp.com\/politicosaldesnudo.com.mx\/wp-content\/uploads\/2024\/11\/DESCARTA_.jpg?fit=1600%2C1066&ssl=1","jetpack-related-posts":[],"jetpack_sharing_enabled":true,"_links":{"self":[{"href":"https:\/\/politicosaldesnudo.com.mx\/index.php\/wp-json\/wp\/v2\/posts\/49639","targetHints":{"allow":["GET"]}}],"collection":[{"href":"https:\/\/politicosaldesnudo.com.mx\/index.php\/wp-json\/wp\/v2\/posts"}],"about":[{"href":"https:\/\/politicosaldesnudo.com.mx\/index.php\/wp-json\/wp\/v2\/types\/post"}],"author":[{"embeddable":true,"href":"https:\/\/politicosaldesnudo.com.mx\/index.php\/wp-json\/wp\/v2\/users\/4"}],"replies":[{"embeddable":true,"href":"https:\/\/politicosaldesnudo.com.mx\/index.php\/wp-json\/wp\/v2\/comments?post=49639"}],"version-history":[{"count":0,"href":"https:\/\/politicosaldesnudo.com.mx\/index.php\/wp-json\/wp\/v2\/posts\/49639\/revisions"}],"wp:featuredmedia":[{"embeddable":true,"href":"https:\/\/politicosaldesnudo.com.mx\/index.php\/wp-json\/wp\/v2\/media\/49640"}],"wp:attachment":[{"href":"https:\/\/politicosaldesnudo.com.mx\/index.php\/wp-json\/wp\/v2\/media?parent=49639"}],"wp:term":[{"taxonomy":"category","embeddable":true,"href":"https:\/\/politicosaldesnudo.com.mx\/index.php\/wp-json\/wp\/v2\/categories?post=49639"},{"taxonomy":"post_tag","embeddable":true,"href":"https:\/\/politicosaldesnudo.com.mx\/index.php\/wp-json\/wp\/v2\/tags?post=49639"}],"curies":[{"name":"wp","href":"https:\/\/api.w.org\/{rel}","templated":true}]}}