{"id":49700,"date":"2024-11-04T00:05:42","date_gmt":"2024-11-04T06:05:42","guid":{"rendered":"https:\/\/politicosaldesnudo.com.mx\/?p=49700"},"modified":"2024-11-03T21:09:13","modified_gmt":"2024-11-04T03:09:13","slug":"sacerdotes-y-obispos-en-la-mira-del-crimen-organizado-ccm","status":"publish","type":"post","link":"https:\/\/politicosaldesnudo.com.mx\/index.php\/2024\/11\/04\/sacerdotes-y-obispos-en-la-mira-del-crimen-organizado-ccm\/","title":{"rendered":"Sacerdotes y obispos, en la mira del crimen organizado: CCM"},"content":{"rendered":"<p><span style=\"font-size: 14pt;\">Hoy, sin duda, hay sacerdotes y hasta obispos que est\u00e1n en la mira del crimen y ya no son suficientes las supuestas garant\u00edas de que \u201cse est\u00e1 fortaleciendo la seguridad\u201d, que \u201ctodo est\u00e1 bajo control\u201d, \u201cque son circunstancias locales\u201d o \u201cque las fiscal\u00edas est\u00e1n avanzando en las investigaciones\u201d, alert\u00f3 el Centro Cat\u00f3lico Multimedial.<\/span><\/p>\n<p><span style=\"font-size: 14pt;\">Record\u00f3 que \u201cbotones de p\u00e1nico\u201d ni \u201cmedidas de seguridad\u201d impidieron el asesinato de Marcelo P\u00e9rez \u2026 De ah\u00ed que se\u00f1al\u00f3 que es imperativo que el Estado haga lo que debe hacer: Garantizar la seguridad y el derecho, no consentir a los criminales ni favorecer la anarqu\u00eda.<\/span><\/p>\n","protected":false},"excerpt":{"rendered":"<p>Hoy, sin duda, hay sacerdotes y hasta obispos que est\u00e1n en la mira del crimen y ya no son suficientes<\/p>\n","protected":false},"author":4,"featured_media":49701,"comment_status":"closed","ping_status":"closed","sticky":false,"template":"","format":"standard","meta":{"colormag_page_container_layout":"default_layout","colormag_page_sidebar_layout":"default_layout","_jetpack_memberships_contains_paid_content":false,"footnotes":"","jetpack_publicize_message":"","jetpack_publicize_feature_enabled":true,"jetpack_social_post_already_shared":false,"jetpack_social_options":{"image_generator_settings":{"template":"highway","default_image_id":0,"font":"","enabled":false},"version":2}},"categories":[33],"tags":[],"class_list":["post-49700","post","type-post","status-publish","format-standard","has-post-thumbnail","hentry","category-nacional"],"jetpack_publicize_connections":[],"jetpack_featured_media_url":"https:\/\/i0.wp.com\/politicosaldesnudo.com.mx\/wp-content\/uploads\/2024\/11\/El-panorama-es-mas-devastador_-critica-CCM-a-un-ano-del-asesinato-de-los-padres-jesuitas.jpg?fit=768%2C479&ssl=1","jetpack-related-posts":[],"jetpack_sharing_enabled":true,"_links":{"self":[{"href":"https:\/\/politicosaldesnudo.com.mx\/index.php\/wp-json\/wp\/v2\/posts\/49700","targetHints":{"allow":["GET"]}}],"collection":[{"href":"https:\/\/politicosaldesnudo.com.mx\/index.php\/wp-json\/wp\/v2\/posts"}],"about":[{"href":"https:\/\/politicosaldesnudo.com.mx\/index.php\/wp-json\/wp\/v2\/types\/post"}],"author":[{"embeddable":true,"href":"https:\/\/politicosaldesnudo.com.mx\/index.php\/wp-json\/wp\/v2\/users\/4"}],"replies":[{"embeddable":true,"href":"https:\/\/politicosaldesnudo.com.mx\/index.php\/wp-json\/wp\/v2\/comments?post=49700"}],"version-history":[{"count":0,"href":"https:\/\/politicosaldesnudo.com.mx\/index.php\/wp-json\/wp\/v2\/posts\/49700\/revisions"}],"wp:featuredmedia":[{"embeddable":true,"href":"https:\/\/politicosaldesnudo.com.mx\/index.php\/wp-json\/wp\/v2\/media\/49701"}],"wp:attachment":[{"href":"https:\/\/politicosaldesnudo.com.mx\/index.php\/wp-json\/wp\/v2\/media?parent=49700"}],"wp:term":[{"taxonomy":"category","embeddable":true,"href":"https:\/\/politicosaldesnudo.com.mx\/index.php\/wp-json\/wp\/v2\/categories?post=49700"},{"taxonomy":"post_tag","embeddable":true,"href":"https:\/\/politicosaldesnudo.com.mx\/index.php\/wp-json\/wp\/v2\/tags?post=49700"}],"curies":[{"name":"wp","href":"https:\/\/api.w.org\/{rel}","templated":true}]}}