{"id":49703,"date":"2024-11-04T00:06:21","date_gmt":"2024-11-04T06:06:21","guid":{"rendered":"https:\/\/politicosaldesnudo.com.mx\/?p=49703"},"modified":"2024-11-03T21:11:15","modified_gmt":"2024-11-04T03:11:15","slug":"un-pais-de-viejos-a-mexico-le-quedan-seis-anos-antes-de-empezar-a-envejecer","status":"publish","type":"post","link":"https:\/\/politicosaldesnudo.com.mx\/index.php\/2024\/11\/04\/un-pais-de-viejos-a-mexico-le-quedan-seis-anos-antes-de-empezar-a-envejecer\/","title":{"rendered":"Un pa\u00eds de viejos: a M\u00e9xico le quedan seis a\u00f1os antes de empezar a envejecer"},"content":{"rendered":"<div>\n<div id=\"content-body-225-12813246\">\n<p><span style=\"font-size: 14pt;\">En 2030 no s\u00f3lo terminar\u00e1 el sexenio de la presidenta\u00a0Claudia Sheinbaum, tambi\u00e9n llegar\u00e1 a su fin el\u00a0bono demogr\u00e1fico, una etapa de casi seis d\u00e9cadas en la que el n\u00famero de personas en edad de trabajar fue superior al de personas dependientes (ni\u00f1os y adultos mayores).<\/span><\/p>\n<p><span style=\"font-size: 14pt;\">Quedan seis a\u00f1os para aprovechar una circunstancia que, en teor\u00eda, deb\u00eda favorecer el\u00a0crecimiento econ\u00f3mico, el ahorro y el desarrollo de capacidades, antes de que M\u00e9xico se convierta en un pa\u00eds con elevados porcentajes de poblaci\u00f3n anciana, con las consecuentes presiones al\u00a0sistema de salud\u00a0y a las finanzas p\u00fablicas.<\/span><\/p>\n<\/div>\n<\/div>\n<div>\n<div id=\"dfp-nota-1x1s\" data-google-query-id=\"CMHZk-fZwYkDFeXt9QId4pAVtA\">\n<div id=\"google_ads_iframe_\/2000002\/la-prensa\/mexico_nota_1x1_0__container__\"><span style=\"font-size: 14pt;\">Entrevist\u00f3 a expertos en demograf\u00eda para preguntarles si el bono poblacional ha sido aprovechado o si los seis a\u00f1os que restan son suficientes para hacer lo que no se hizo en nueve sexenios anteriores (desde Luis Echeverr\u00eda hasta Andr\u00e9s Manuel L\u00f3pez Obrador). Los diagn\u00f3sticos son poco optimistas.<\/span><\/div>\n<\/div>\n<\/div>\n","protected":false},"excerpt":{"rendered":"<p>En 2030 no s\u00f3lo terminar\u00e1 el sexenio de la presidenta\u00a0Claudia Sheinbaum, tambi\u00e9n llegar\u00e1 a su fin el\u00a0bono demogr\u00e1fico, una etapa<\/p>\n","protected":false},"author":4,"featured_media":49704,"comment_status":"closed","ping_status":"closed","sticky":false,"template":"","format":"standard","meta":{"colormag_page_container_layout":"default_layout","colormag_page_sidebar_layout":"default_layout","_jetpack_memberships_contains_paid_content":false,"footnotes":"","jetpack_publicize_message":"","jetpack_publicize_feature_enabled":true,"jetpack_social_post_already_shared":false,"jetpack_social_options":{"image_generator_settings":{"template":"highway","default_image_id":0,"font":"","enabled":false},"version":2}},"categories":[33],"tags":[],"class_list":["post-49703","post","type-post","status-publish","format-standard","has-post-thumbnail","hentry","category-nacional"],"jetpack_publicize_connections":[],"jetpack_featured_media_url":"https:\/\/i0.wp.com\/politicosaldesnudo.com.mx\/wp-content\/uploads\/2024\/11\/Jovenes-de-Aguascalientes.jpg?fit=768%2C479&ssl=1","jetpack-related-posts":[],"jetpack_sharing_enabled":true,"_links":{"self":[{"href":"https:\/\/politicosaldesnudo.com.mx\/index.php\/wp-json\/wp\/v2\/posts\/49703","targetHints":{"allow":["GET"]}}],"collection":[{"href":"https:\/\/politicosaldesnudo.com.mx\/index.php\/wp-json\/wp\/v2\/posts"}],"about":[{"href":"https:\/\/politicosaldesnudo.com.mx\/index.php\/wp-json\/wp\/v2\/types\/post"}],"author":[{"embeddable":true,"href":"https:\/\/politicosaldesnudo.com.mx\/index.php\/wp-json\/wp\/v2\/users\/4"}],"replies":[{"embeddable":true,"href":"https:\/\/politicosaldesnudo.com.mx\/index.php\/wp-json\/wp\/v2\/comments?post=49703"}],"version-history":[{"count":0,"href":"https:\/\/politicosaldesnudo.com.mx\/index.php\/wp-json\/wp\/v2\/posts\/49703\/revisions"}],"wp:featuredmedia":[{"embeddable":true,"href":"https:\/\/politicosaldesnudo.com.mx\/index.php\/wp-json\/wp\/v2\/media\/49704"}],"wp:attachment":[{"href":"https:\/\/politicosaldesnudo.com.mx\/index.php\/wp-json\/wp\/v2\/media?parent=49703"}],"wp:term":[{"taxonomy":"category","embeddable":true,"href":"https:\/\/politicosaldesnudo.com.mx\/index.php\/wp-json\/wp\/v2\/categories?post=49703"},{"taxonomy":"post_tag","embeddable":true,"href":"https:\/\/politicosaldesnudo.com.mx\/index.php\/wp-json\/wp\/v2\/tags?post=49703"}],"curies":[{"name":"wp","href":"https:\/\/api.w.org\/{rel}","templated":true}]}}