{"id":49706,"date":"2024-11-04T00:07:41","date_gmt":"2024-11-04T06:07:41","guid":{"rendered":"https:\/\/politicosaldesnudo.com.mx\/?p=49706"},"modified":"2024-11-03T21:26:26","modified_gmt":"2024-11-04T03:26:26","slug":"acusa-zedillo-a-sheinbaum-de-querer-convertir-al-pais-en-una-autocracia","status":"publish","type":"post","link":"https:\/\/politicosaldesnudo.com.mx\/index.php\/2024\/11\/04\/acusa-zedillo-a-sheinbaum-de-querer-convertir-al-pais-en-una-autocracia\/","title":{"rendered":"Acusa Zedillo a Sheinbaum de querer convertir al pa\u00eds en una autocracia"},"content":{"rendered":"<p><span style=\"font-size: 14pt;\">El ex presidente,\u00a0Ernesto Zedillo Ponce de Le\u00f3n,\u00a0consider\u00f3 que la\u00a0presidenta Claudia Sheinbaum\u00a0podr\u00eda iniciar un proceso genuino e integral de reformas para lograr un verdadero Estado de derecho y seguridad ciudadana en M\u00e9xico, pero parece m\u00e1s comprometida con seguir el objetivo de su antecesor de convertir al pa\u00eds en una autocracia de partido \u00fanico.<\/span><\/p>\n<p><span style=\"font-size: 14pt;\">En un art\u00edculo de opini\u00f3n publicado en el diario estadounidense\u00a0The Washington Post,\u00a0el ex mandatario acus\u00f3 que en M\u00e9xico se pretende implantar un r\u00e9gimen autoritario con la reforma al\u00a0Poder Judicial,\u00a0la eliminaci\u00f3n de \u00f3rganos reguladores aut\u00f3nomos y el control del\u00a0Instituto Nacional Electoral (INE).<\/span><\/p>\n","protected":false},"excerpt":{"rendered":"<p>El ex presidente,\u00a0Ernesto Zedillo Ponce de Le\u00f3n,\u00a0consider\u00f3 que la\u00a0presidenta Claudia Sheinbaum\u00a0podr\u00eda iniciar un proceso genuino e integral de reformas para<\/p>\n","protected":false},"author":4,"featured_media":49707,"comment_status":"closed","ping_status":"closed","sticky":false,"template":"","format":"standard","meta":{"colormag_page_container_layout":"default_layout","colormag_page_sidebar_layout":"default_layout","_jetpack_memberships_contains_paid_content":false,"footnotes":"","jetpack_publicize_message":"","jetpack_publicize_feature_enabled":true,"jetpack_social_post_already_shared":false,"jetpack_social_options":{"image_generator_settings":{"template":"highway","default_image_id":0,"font":"","enabled":false},"version":2}},"categories":[33],"tags":[],"class_list":["post-49706","post","type-post","status-publish","format-standard","has-post-thumbnail","hentry","category-nacional"],"jetpack_publicize_connections":[],"jetpack_featured_media_url":"https:\/\/i0.wp.com\/politicosaldesnudo.com.mx\/wp-content\/uploads\/2024\/11\/Ernesto-Zedillo.jpg?fit=768%2C479&ssl=1","jetpack-related-posts":[],"jetpack_sharing_enabled":true,"_links":{"self":[{"href":"https:\/\/politicosaldesnudo.com.mx\/index.php\/wp-json\/wp\/v2\/posts\/49706","targetHints":{"allow":["GET"]}}],"collection":[{"href":"https:\/\/politicosaldesnudo.com.mx\/index.php\/wp-json\/wp\/v2\/posts"}],"about":[{"href":"https:\/\/politicosaldesnudo.com.mx\/index.php\/wp-json\/wp\/v2\/types\/post"}],"author":[{"embeddable":true,"href":"https:\/\/politicosaldesnudo.com.mx\/index.php\/wp-json\/wp\/v2\/users\/4"}],"replies":[{"embeddable":true,"href":"https:\/\/politicosaldesnudo.com.mx\/index.php\/wp-json\/wp\/v2\/comments?post=49706"}],"version-history":[{"count":0,"href":"https:\/\/politicosaldesnudo.com.mx\/index.php\/wp-json\/wp\/v2\/posts\/49706\/revisions"}],"wp:featuredmedia":[{"embeddable":true,"href":"https:\/\/politicosaldesnudo.com.mx\/index.php\/wp-json\/wp\/v2\/media\/49707"}],"wp:attachment":[{"href":"https:\/\/politicosaldesnudo.com.mx\/index.php\/wp-json\/wp\/v2\/media?parent=49706"}],"wp:term":[{"taxonomy":"category","embeddable":true,"href":"https:\/\/politicosaldesnudo.com.mx\/index.php\/wp-json\/wp\/v2\/categories?post=49706"},{"taxonomy":"post_tag","embeddable":true,"href":"https:\/\/politicosaldesnudo.com.mx\/index.php\/wp-json\/wp\/v2\/tags?post=49706"}],"curies":[{"name":"wp","href":"https:\/\/api.w.org\/{rel}","templated":true}]}}