{"id":49757,"date":"2024-11-04T13:39:43","date_gmt":"2024-11-04T19:39:43","guid":{"rendered":"https:\/\/politicosaldesnudo.com.mx\/?p=49757"},"modified":"2024-11-04T13:39:43","modified_gmt":"2024-11-04T19:39:43","slug":"trabajadores-del-pjf-levantan-paro-de-labores-en-veracruz","status":"publish","type":"post","link":"https:\/\/politicosaldesnudo.com.mx\/index.php\/2024\/11\/04\/trabajadores-del-pjf-levantan-paro-de-labores-en-veracruz\/","title":{"rendered":"Trabajadores del PJF levantan paro de labores en Veracruz"},"content":{"rendered":"<p><span style=\"font-size: 14pt;\">Trabajadores del Poder Judicial de la Federaci\u00f3n en Veracruz anunciaron que el paro de labores que manten\u00edan por inconformidad con la reforma judicial fue concluido este lunes 4 de noviembre.<\/span><\/p>\n<p><span style=\"font-size: 14pt;\">Tras 77 d\u00edas, en Boca del R\u00edo, retiraron las cadenas que manten\u00edan cerradas las rejas del edificio del PJF, dando por finalizada su atenci\u00f3n a solo asuntos urgentes y regresando a su horario normal de trabajo.<\/span><\/p>\n<p><span style=\"font-size: 14pt;\">En ese sentido resaltaron que si bien regresan a trabajar, lo hacen bajo protesta, pues las inconformidades en torno a la elecci\u00f3n de jueces y magistrados a trav\u00e9s del voto popular contin\u00faan.<\/span><\/p>\n<p><span style=\"font-size: 14pt;\">\u201cHay trabajo que est\u00e1 suspendido, entonces a partir de ahora se reanuda y sabemos de las implicaciones que eso va a traer en nuestro tiempo, pero somos servidores p\u00fablicos comprometidos siempre nos hemos desempe\u00f1ado con profesionalismo\u00bb, asegur\u00f3 Ricardo Reyes Gonz\u00e1lez, secretario del segundo tribunal colegiado en materia penal.<\/span><\/p>\n<p><span style=\"font-size: 14pt;\">Los trabajadores y trabajadoras acudieron a este evento, previo al regreso a sus labores, ataviados con ropa negra, color que les caracteriz\u00f3 a lo largo de estas manifestaciones a modo de luto por el Poder Judicial.<\/span><\/p>\n<p><span style=\"font-size: 14pt;\">Al respecto, la magistrada Naela M\u00e1rquez Hern\u00e1ndez, record\u00f3 que durante las protestas fueron duramente criticados por la poblaci\u00f3n, debido a la influencia que diversos pol\u00edticos ejercen actualmente.<\/span><\/p>\n<p><span style=\"font-size: 14pt;\">Dijo, sin embargo, que su lucha ha sido para dar a conocer la importancia que tiene el que exista un Poder Judicial independiente en M\u00e9xico para proteger los derechos de las y los ciudadanos.<\/span><\/p>\n<p><span style=\"font-size: 14pt;\">\u201cHemos estado procurando visibilizar la importancia de nuestra labor en favor de los menos favorecidos por el mismo gobierno\u201d, se\u00f1al\u00f3.<\/span><\/p>\n","protected":false},"excerpt":{"rendered":"<p>Trabajadores del Poder Judicial de la Federaci\u00f3n en Veracruz anunciaron que el paro de labores que manten\u00edan por inconformidad con<\/p>\n","protected":false},"author":4,"featured_media":49758,"comment_status":"closed","ping_status":"closed","sticky":false,"template":"","format":"standard","meta":{"colormag_page_container_layout":"default_layout","colormag_page_sidebar_layout":"default_layout","_jetpack_memberships_contains_paid_content":false,"footnotes":"","jetpack_publicize_message":"","jetpack_publicize_feature_enabled":true,"jetpack_social_post_already_shared":false,"jetpack_social_options":{"image_generator_settings":{"template":"highway","default_image_id":0,"font":"","enabled":false},"version":2}},"categories":[1082],"tags":[],"class_list":["post-49757","post","type-post","status-publish","format-standard","has-post-thumbnail","hentry","category-tuxpan"],"jetpack_publicize_connections":[],"jetpack_featured_media_url":"https:\/\/i0.wp.com\/politicosaldesnudo.com.mx\/wp-content\/uploads\/2024\/11\/Trabajadores-del-PJF-levantan-paro-de-labores-en-Veracruz.jpg?fit=1024%2C768&ssl=1","jetpack-related-posts":[],"jetpack_sharing_enabled":true,"_links":{"self":[{"href":"https:\/\/politicosaldesnudo.com.mx\/index.php\/wp-json\/wp\/v2\/posts\/49757","targetHints":{"allow":["GET"]}}],"collection":[{"href":"https:\/\/politicosaldesnudo.com.mx\/index.php\/wp-json\/wp\/v2\/posts"}],"about":[{"href":"https:\/\/politicosaldesnudo.com.mx\/index.php\/wp-json\/wp\/v2\/types\/post"}],"author":[{"embeddable":true,"href":"https:\/\/politicosaldesnudo.com.mx\/index.php\/wp-json\/wp\/v2\/users\/4"}],"replies":[{"embeddable":true,"href":"https:\/\/politicosaldesnudo.com.mx\/index.php\/wp-json\/wp\/v2\/comments?post=49757"}],"version-history":[{"count":0,"href":"https:\/\/politicosaldesnudo.com.mx\/index.php\/wp-json\/wp\/v2\/posts\/49757\/revisions"}],"wp:featuredmedia":[{"embeddable":true,"href":"https:\/\/politicosaldesnudo.com.mx\/index.php\/wp-json\/wp\/v2\/media\/49758"}],"wp:attachment":[{"href":"https:\/\/politicosaldesnudo.com.mx\/index.php\/wp-json\/wp\/v2\/media?parent=49757"}],"wp:term":[{"taxonomy":"category","embeddable":true,"href":"https:\/\/politicosaldesnudo.com.mx\/index.php\/wp-json\/wp\/v2\/categories?post=49757"},{"taxonomy":"post_tag","embeddable":true,"href":"https:\/\/politicosaldesnudo.com.mx\/index.php\/wp-json\/wp\/v2\/tags?post=49757"}],"curies":[{"name":"wp","href":"https:\/\/api.w.org\/{rel}","templated":true}]}}