{"id":49760,"date":"2024-11-05T00:00:58","date_gmt":"2024-11-05T06:00:58","guid":{"rendered":"https:\/\/politicosaldesnudo.com.mx\/?p=49760"},"modified":"2024-11-04T18:16:35","modified_gmt":"2024-11-05T00:16:35","slug":"festival-rebasa-expectativas","status":"publish","type":"post","link":"https:\/\/politicosaldesnudo.com.mx\/index.php\/2024\/11\/05\/festival-rebasa-expectativas\/","title":{"rendered":"Festival rebasa expectativas"},"content":{"rendered":"<p><span style=\"font-size: 14pt;\">La comunidad de Tumilco poco a poco se posiciona como un destino tur\u00edstico cultural, al recibir m\u00e1s visitantes, para disfrutar de las diversas actividades que los habitantes preparan, para mostrar su riqueza y la importante geograf\u00eda que albergan.<\/span><\/p>\n<p><span style=\"font-size: 14pt;\">Por lo que, durante la celebraci\u00f3n del tercer festival de Vida y Muerte, las expectativas de asistencia fueron superadas, en comparaci\u00f3n a las del a\u00f1o pasado, lo que les motiva a seguir organizando m\u00e1s actividades para promocionar a la comunidad.<\/span><\/p>\n<p><span style=\"font-size: 14pt;\">El Lugar de Inciensos, significado del nombre de la localidad, fue el centro de origen este fin de semana, del rescate de las tradiciones ancestrales, mostrando al p\u00fablico un lado diferente de conmemoraci\u00f3n para los seres queridos que ya no est\u00e1n entre nosotros, inform\u00f3 el promotor cultural Salvador Cruz Bautista.<\/span><\/p>\n<p><span style=\"font-size: 14pt;\">Coment\u00f3 que se llevaron a cabo el Taller de Tejido con hojas de palma y la elaboraci\u00f3n de flores de papel para el Altar, la exhibici\u00f3n del Altar m\u00e1s Grande de la Huasteca Baja, en una exposici\u00f3n Artesanal, la Ceremonia Xechintalab Taniko\u00f3, la investidura de Mando al Consejo de Ancianos Taniko\u00f3, la Ceremonia Ancestral de Ofrendas, las Danzas Tradicionales, la Expo Gastronom\u00eda Rural, el paseo por las Tumbas Ancestrales, por la tarde ya cuando oscurec\u00eda, realizaron las Leyendas Vivas, las visitas de las \u00c1nimas, las Voces para la Vida y la Muerte y finalizaron con un Baile Popular<\/span><\/p>\n<p><span style=\"font-size: 14pt;\">Mencionaron que fue un evento totalmente diferente y por ello su importancia dentro de las actividades que se presentan en el d\u00eda de muertos o todos santos, donde la tradici\u00f3n ancestral tiene mucho que ver, sobre todo por el rescate de las ra\u00edces ind\u00edgenas.<\/span><\/p>\n","protected":false},"excerpt":{"rendered":"<p>La comunidad de Tumilco poco a poco se posiciona como un destino tur\u00edstico cultural, al recibir m\u00e1s visitantes, para disfrutar<\/p>\n","protected":false},"author":4,"featured_media":49761,"comment_status":"closed","ping_status":"closed","sticky":false,"template":"","format":"standard","meta":{"colormag_page_container_layout":"default_layout","colormag_page_sidebar_layout":"default_layout","_jetpack_memberships_contains_paid_content":false,"footnotes":"","jetpack_publicize_message":"","jetpack_publicize_feature_enabled":true,"jetpack_social_post_already_shared":false,"jetpack_social_options":{"image_generator_settings":{"template":"highway","default_image_id":0,"font":"","enabled":false},"version":2}},"categories":[1082],"tags":[],"class_list":["post-49760","post","type-post","status-publish","format-standard","has-post-thumbnail","hentry","category-tuxpan"],"jetpack_publicize_connections":[],"jetpack_featured_media_url":"https:\/\/i0.wp.com\/politicosaldesnudo.com.mx\/wp-content\/uploads\/2024\/11\/4b1.jpg?fit=1200%2C900&ssl=1","jetpack-related-posts":[],"jetpack_sharing_enabled":true,"_links":{"self":[{"href":"https:\/\/politicosaldesnudo.com.mx\/index.php\/wp-json\/wp\/v2\/posts\/49760","targetHints":{"allow":["GET"]}}],"collection":[{"href":"https:\/\/politicosaldesnudo.com.mx\/index.php\/wp-json\/wp\/v2\/posts"}],"about":[{"href":"https:\/\/politicosaldesnudo.com.mx\/index.php\/wp-json\/wp\/v2\/types\/post"}],"author":[{"embeddable":true,"href":"https:\/\/politicosaldesnudo.com.mx\/index.php\/wp-json\/wp\/v2\/users\/4"}],"replies":[{"embeddable":true,"href":"https:\/\/politicosaldesnudo.com.mx\/index.php\/wp-json\/wp\/v2\/comments?post=49760"}],"version-history":[{"count":0,"href":"https:\/\/politicosaldesnudo.com.mx\/index.php\/wp-json\/wp\/v2\/posts\/49760\/revisions"}],"wp:featuredmedia":[{"embeddable":true,"href":"https:\/\/politicosaldesnudo.com.mx\/index.php\/wp-json\/wp\/v2\/media\/49761"}],"wp:attachment":[{"href":"https:\/\/politicosaldesnudo.com.mx\/index.php\/wp-json\/wp\/v2\/media?parent=49760"}],"wp:term":[{"taxonomy":"category","embeddable":true,"href":"https:\/\/politicosaldesnudo.com.mx\/index.php\/wp-json\/wp\/v2\/categories?post=49760"},{"taxonomy":"post_tag","embeddable":true,"href":"https:\/\/politicosaldesnudo.com.mx\/index.php\/wp-json\/wp\/v2\/tags?post=49760"}],"curies":[{"name":"wp","href":"https:\/\/api.w.org\/{rel}","templated":true}]}}