{"id":49793,"date":"2024-11-05T00:11:05","date_gmt":"2024-11-05T06:11:05","guid":{"rendered":"https:\/\/politicosaldesnudo.com.mx\/?p=49793"},"modified":"2024-11-04T19:39:18","modified_gmt":"2024-11-05T01:39:18","slug":"expectativas-de-crecimiento-para-primer-ano-de-sheinbaum-arrancan-en-1-22","status":"publish","type":"post","link":"https:\/\/politicosaldesnudo.com.mx\/index.php\/2024\/11\/05\/expectativas-de-crecimiento-para-primer-ano-de-sheinbaum-arrancan-en-1-22\/","title":{"rendered":"Expectativas de crecimiento para primer a\u00f1o de Sheinbaum arrancan en 1.22%"},"content":{"rendered":"<p><span style=\"font-size: 14pt;\">Especialistas del sector privado anticipan que la econom\u00eda mexicana conseguir\u00e1 un crecimiento de 1.22% en el primer a\u00f1o de gobierno de Claudia Sheinbaum, seg\u00fan los resultados de la Encuesta de Banco de M\u00e9xico.\u00a0<\/span><\/p>\n<p><span style=\"font-size: 14pt;\">Al cumplirse un mes de la nueva administraci\u00f3n, los especialistas recortaron su pron\u00f3stico para el Producto Interno Bruto (PIB) del 2025, hilando as\u00ed ocho meses de ajustes a la baja en sus previsiones.<\/span><\/p>\n","protected":false},"excerpt":{"rendered":"<p>Especialistas del sector privado anticipan que la econom\u00eda mexicana conseguir\u00e1 un crecimiento de 1.22% en el primer a\u00f1o de gobierno<\/p>\n","protected":false},"author":4,"featured_media":49794,"comment_status":"closed","ping_status":"closed","sticky":false,"template":"","format":"standard","meta":{"colormag_page_container_layout":"default_layout","colormag_page_sidebar_layout":"default_layout","_jetpack_memberships_contains_paid_content":false,"footnotes":"","jetpack_publicize_message":"","jetpack_publicize_feature_enabled":true,"jetpack_social_post_already_shared":false,"jetpack_social_options":{"image_generator_settings":{"template":"highway","default_image_id":0,"font":"","enabled":false},"version":2}},"categories":[2050],"tags":[],"class_list":["post-49793","post","type-post","status-publish","format-standard","has-post-thumbnail","hentry","category-economia"],"jetpack_publicize_connections":[],"jetpack_featured_media_url":"https:\/\/i0.wp.com\/politicosaldesnudo.com.mx\/wp-content\/uploads\/2024\/11\/67225f150d6fb.jpeg?fit=1280%2C720&ssl=1","jetpack-related-posts":[],"jetpack_sharing_enabled":true,"_links":{"self":[{"href":"https:\/\/politicosaldesnudo.com.mx\/index.php\/wp-json\/wp\/v2\/posts\/49793","targetHints":{"allow":["GET"]}}],"collection":[{"href":"https:\/\/politicosaldesnudo.com.mx\/index.php\/wp-json\/wp\/v2\/posts"}],"about":[{"href":"https:\/\/politicosaldesnudo.com.mx\/index.php\/wp-json\/wp\/v2\/types\/post"}],"author":[{"embeddable":true,"href":"https:\/\/politicosaldesnudo.com.mx\/index.php\/wp-json\/wp\/v2\/users\/4"}],"replies":[{"embeddable":true,"href":"https:\/\/politicosaldesnudo.com.mx\/index.php\/wp-json\/wp\/v2\/comments?post=49793"}],"version-history":[{"count":0,"href":"https:\/\/politicosaldesnudo.com.mx\/index.php\/wp-json\/wp\/v2\/posts\/49793\/revisions"}],"wp:featuredmedia":[{"embeddable":true,"href":"https:\/\/politicosaldesnudo.com.mx\/index.php\/wp-json\/wp\/v2\/media\/49794"}],"wp:attachment":[{"href":"https:\/\/politicosaldesnudo.com.mx\/index.php\/wp-json\/wp\/v2\/media?parent=49793"}],"wp:term":[{"taxonomy":"category","embeddable":true,"href":"https:\/\/politicosaldesnudo.com.mx\/index.php\/wp-json\/wp\/v2\/categories?post=49793"},{"taxonomy":"post_tag","embeddable":true,"href":"https:\/\/politicosaldesnudo.com.mx\/index.php\/wp-json\/wp\/v2\/tags?post=49793"}],"curies":[{"name":"wp","href":"https:\/\/api.w.org\/{rel}","templated":true}]}}