{"id":49831,"date":"2024-11-06T00:03:38","date_gmt":"2024-11-06T06:03:38","guid":{"rendered":"https:\/\/politicosaldesnudo.com.mx\/?p=49831"},"modified":"2024-11-05T20:23:43","modified_gmt":"2024-11-06T02:23:43","slug":"les-fue-mal-a-comerciantes","status":"publish","type":"post","link":"https:\/\/politicosaldesnudo.com.mx\/index.php\/2024\/11\/06\/les-fue-mal-a-comerciantes\/","title":{"rendered":"Les fue mal a comerciantes"},"content":{"rendered":"<p><span style=\"font-size: 14pt;\">A pesar de la gran cantidad de personas que acudieron al municipio y que adquirieron diversos productos para la celebraci\u00f3n del D\u00eda de Muertos o Todos Santos, los locatarios del Mercado Municipal Enrique Rodr\u00edguez Cano, informaron sus ventas no fueron buenas.<\/span><\/p>\n<p><span style=\"font-size: 14pt;\">Se\u00f1alan que esperaban un repunte mayor y aunque si tuvieron movimiento, lamentablemente tampoco fue lo que necesitaban, vendieron solo un 40 por ciento y la gran mayor\u00eda por parte de los clientes fijos que ya tienen y que conf\u00edan en sus productos.<\/span><\/p>\n<p><span style=\"font-size: 14pt;\">La ciudadana Gloria, se\u00f1al\u00f3 que a n\u00edvel personal pidi\u00f3 un pr\u00e9stamo para poder surtir su local con productos de la temporada y que sabe que la gente va a buscar y fue poco lo que pudo vender, se qued\u00f3 con las frutas y verduras que vende y adem\u00e1s con la deuda mensual que tiene que pagar.<\/span><\/p>\n<p><span style=\"font-size: 14pt;\">Explic\u00f3 que compr\u00f3 la reja de tomate m\u00e1s cara, porque el kilo subi\u00f3 a m\u00e1s de 40 pesos, y con tal de que no se le eche a perder, esta semana les baj\u00f3 el precio a 20 pesos, lo que sin duda le representar\u00e1 p\u00e9rdidas importantes, pero prefiere sacar el producto de esa forma.<\/span><\/p>\n<p><span style=\"font-size: 14pt;\">Indic\u00f3 que hubo locales que, si tuvieron un repunte mayor, como las carnicer\u00edas y los restaurantes, por la gran cantidad de turismo que lleg\u00f3 a la ciudad durante esos d\u00edas.<\/span><\/p>\n<p><span style=\"font-size: 14pt;\">En general, coment\u00f3 que observ\u00f3 poco movimiento en los dem\u00e1s locales, puesto que la mayor parte de la venta se centra en productos que se ocupan para las ofrendas o la edificaci\u00f3n de los altares.<\/span><\/p>\n<p><span style=\"font-size: 14pt;\">Coment\u00f3 que se van a preparar y resurtir para el buen fin y para el fin de a\u00f1o, donde esperan una buena derrama, que supere el 80 por ciento de ganancias a nivel general.<\/span><\/p>\n","protected":false},"excerpt":{"rendered":"<p>A pesar de la gran cantidad de personas que acudieron al municipio y que adquirieron diversos productos para la celebraci\u00f3n<\/p>\n","protected":false},"author":4,"featured_media":49832,"comment_status":"closed","ping_status":"closed","sticky":false,"template":"","format":"standard","meta":{"colormag_page_container_layout":"default_layout","colormag_page_sidebar_layout":"default_layout","_jetpack_memberships_contains_paid_content":false,"footnotes":"","jetpack_publicize_message":"","jetpack_publicize_feature_enabled":true,"jetpack_social_post_already_shared":false,"jetpack_social_options":{"image_generator_settings":{"template":"highway","default_image_id":0,"font":"","enabled":false},"version":2}},"categories":[1082],"tags":[],"class_list":["post-49831","post","type-post","status-publish","format-standard","has-post-thumbnail","hentry","category-tuxpan"],"jetpack_publicize_connections":[],"jetpack_featured_media_url":"https:\/\/i0.wp.com\/politicosaldesnudo.com.mx\/wp-content\/uploads\/2024\/11\/5a.jpg?fit=864%2C560&ssl=1","jetpack-related-posts":[],"jetpack_sharing_enabled":true,"_links":{"self":[{"href":"https:\/\/politicosaldesnudo.com.mx\/index.php\/wp-json\/wp\/v2\/posts\/49831","targetHints":{"allow":["GET"]}}],"collection":[{"href":"https:\/\/politicosaldesnudo.com.mx\/index.php\/wp-json\/wp\/v2\/posts"}],"about":[{"href":"https:\/\/politicosaldesnudo.com.mx\/index.php\/wp-json\/wp\/v2\/types\/post"}],"author":[{"embeddable":true,"href":"https:\/\/politicosaldesnudo.com.mx\/index.php\/wp-json\/wp\/v2\/users\/4"}],"replies":[{"embeddable":true,"href":"https:\/\/politicosaldesnudo.com.mx\/index.php\/wp-json\/wp\/v2\/comments?post=49831"}],"version-history":[{"count":0,"href":"https:\/\/politicosaldesnudo.com.mx\/index.php\/wp-json\/wp\/v2\/posts\/49831\/revisions"}],"wp:featuredmedia":[{"embeddable":true,"href":"https:\/\/politicosaldesnudo.com.mx\/index.php\/wp-json\/wp\/v2\/media\/49832"}],"wp:attachment":[{"href":"https:\/\/politicosaldesnudo.com.mx\/index.php\/wp-json\/wp\/v2\/media?parent=49831"}],"wp:term":[{"taxonomy":"category","embeddable":true,"href":"https:\/\/politicosaldesnudo.com.mx\/index.php\/wp-json\/wp\/v2\/categories?post=49831"},{"taxonomy":"post_tag","embeddable":true,"href":"https:\/\/politicosaldesnudo.com.mx\/index.php\/wp-json\/wp\/v2\/tags?post=49831"}],"curies":[{"name":"wp","href":"https:\/\/api.w.org\/{rel}","templated":true}]}}