{"id":49834,"date":"2024-11-06T00:04:57","date_gmt":"2024-11-06T06:04:57","guid":{"rendered":"https:\/\/politicosaldesnudo.com.mx\/?p=49834"},"modified":"2024-11-05T20:25:55","modified_gmt":"2024-11-06T02:25:55","slug":"fernandez-norona-celebra-la-derrota-de-la-scjn-en-fallo-sobre-reforma-judicial","status":"publish","type":"post","link":"https:\/\/politicosaldesnudo.com.mx\/index.php\/2024\/11\/06\/fernandez-norona-celebra-la-derrota-de-la-scjn-en-fallo-sobre-reforma-judicial\/","title":{"rendered":"Fern\u00e1ndez Noro\u00f1a celebra la \u00abderrota\u00bb de la SCJN en fallo sobre reforma judicial"},"content":{"rendered":"<p><span style=\"font-size: 14pt;\">El presidente del Senado,\u00a0Gerardo Fern\u00e1ndez Noro\u00f1a,\u00a0celebr\u00f3\u00a0lo que describi\u00f3 como una\u00a0victoria\u00a0de \u201cla\u00a0raz\u00f3n, la decencia y la\u00a0legalidad\u201d tras la\u00a0decisi\u00f3n\u00a0de la Suprema Corte de Justicia de la Naci\u00f3n (SCJN) de\u00a0desestimar\u00a0las\u00a0impugnaciones\u00a0a la\u00a0reforma judicial\u00a0impulsada por el gobierno.<\/span><\/p>\n<p><span style=\"font-size: 14pt;\">En conferencia de prensa,\u00a0Fern\u00e1ndez Noro\u00f1a acus\u00f3 a la SCJN\u00a0de \u201cderrotarse a s\u00ed misma\u201d con lo que calific\u00f3 como un\u00a0enfoque\u00a0\u201cincorrecto,\u00a0faccioso y sesgado\u201d respecto a la reforma. El fallo permite que la\u00a0reforma siga en pie\u00a0y abre el camino para que\u00a0M\u00e9xico\u00a0celebre, por primera vez en su historia,\u00a0elecciones de jueces en junio de 2025, un paso que el l\u00edder del Senado consider\u00f3 un\u00a0hito\u00a0en la\u00a0democratizaci\u00f3n\u00a0del\u00a0sistema judicial.<\/span><\/p>\n","protected":false},"excerpt":{"rendered":"<p>El presidente del Senado,\u00a0Gerardo Fern\u00e1ndez Noro\u00f1a,\u00a0celebr\u00f3\u00a0lo que describi\u00f3 como una\u00a0victoria\u00a0de \u201cla\u00a0raz\u00f3n, la decencia y la\u00a0legalidad\u201d tras la\u00a0decisi\u00f3n\u00a0de la Suprema Corte<\/p>\n","protected":false},"author":4,"featured_media":49835,"comment_status":"closed","ping_status":"closed","sticky":false,"template":"","format":"standard","meta":{"colormag_page_container_layout":"default_layout","colormag_page_sidebar_layout":"default_layout","_jetpack_memberships_contains_paid_content":false,"footnotes":"","jetpack_publicize_message":"","jetpack_publicize_feature_enabled":true,"jetpack_social_post_already_shared":false,"jetpack_social_options":{"image_generator_settings":{"template":"highway","default_image_id":0,"font":"","enabled":false},"version":2}},"categories":[33],"tags":[],"class_list":["post-49834","post","type-post","status-publish","format-standard","has-post-thumbnail","hentry","category-nacional"],"jetpack_publicize_connections":[],"jetpack_featured_media_url":"https:\/\/i0.wp.com\/politicosaldesnudo.com.mx\/wp-content\/uploads\/2024\/11\/Norona.jpg?fit=768%2C479&ssl=1","jetpack-related-posts":[],"jetpack_sharing_enabled":true,"_links":{"self":[{"href":"https:\/\/politicosaldesnudo.com.mx\/index.php\/wp-json\/wp\/v2\/posts\/49834","targetHints":{"allow":["GET"]}}],"collection":[{"href":"https:\/\/politicosaldesnudo.com.mx\/index.php\/wp-json\/wp\/v2\/posts"}],"about":[{"href":"https:\/\/politicosaldesnudo.com.mx\/index.php\/wp-json\/wp\/v2\/types\/post"}],"author":[{"embeddable":true,"href":"https:\/\/politicosaldesnudo.com.mx\/index.php\/wp-json\/wp\/v2\/users\/4"}],"replies":[{"embeddable":true,"href":"https:\/\/politicosaldesnudo.com.mx\/index.php\/wp-json\/wp\/v2\/comments?post=49834"}],"version-history":[{"count":0,"href":"https:\/\/politicosaldesnudo.com.mx\/index.php\/wp-json\/wp\/v2\/posts\/49834\/revisions"}],"wp:featuredmedia":[{"embeddable":true,"href":"https:\/\/politicosaldesnudo.com.mx\/index.php\/wp-json\/wp\/v2\/media\/49835"}],"wp:attachment":[{"href":"https:\/\/politicosaldesnudo.com.mx\/index.php\/wp-json\/wp\/v2\/media?parent=49834"}],"wp:term":[{"taxonomy":"category","embeddable":true,"href":"https:\/\/politicosaldesnudo.com.mx\/index.php\/wp-json\/wp\/v2\/categories?post=49834"},{"taxonomy":"post_tag","embeddable":true,"href":"https:\/\/politicosaldesnudo.com.mx\/index.php\/wp-json\/wp\/v2\/tags?post=49834"}],"curies":[{"name":"wp","href":"https:\/\/api.w.org\/{rel}","templated":true}]}}