{"id":49837,"date":"2024-11-06T00:05:05","date_gmt":"2024-11-06T06:05:05","guid":{"rendered":"https:\/\/politicosaldesnudo.com.mx\/?p=49837"},"modified":"2024-11-05T20:27:56","modified_gmt":"2024-11-06T02:27:56","slug":"ministro-ya-lo-doblaron-no-se-deje-presionar-alejandro-moreno-a-ministro-perez-dayan","status":"publish","type":"post","link":"https:\/\/politicosaldesnudo.com.mx\/index.php\/2024\/11\/06\/ministro-ya-lo-doblaron-no-se-deje-presionar-alejandro-moreno-a-ministro-perez-dayan\/","title":{"rendered":"\u00bfMinistro, ya lo doblaron? No se deje presionar: Alejandro Moreno a ministro P\u00e9rez Day\u00e1n"},"content":{"rendered":"<div>\n<div id=\"content-body-225-12825965\">\n<p><span style=\"font-size: 14pt;\">\u201c\u00bfMinistro, ya lo doblaron? No se deje presionar\u201d, pidi\u00f3 el presidente del Partido Revolucionario Institucional (PRI),\u00a0Alejandro Moreno C\u00e1rdenas, al ministro\u00a0Alberto P\u00e9rez Day\u00e1n, luego de que\u00a0votara contra la procedencia del proyecto\u00a0del ministro\u00a0Juan Luis Gonz\u00e1lez Alc\u00e1ntara Carranc\u00e1\u00a0que echa abajo algunas disposiciones de la\u00a0reforma judicial.<\/span><\/p>\n<p><span style=\"font-size: 14pt;\">En su cuenta de X Alejandro Moreno escribi\u00f3:<\/span><\/p>\n<\/div>\n<\/div>\n<div>\n<div id=\"dfp-nota-1x3s\" data-google-query-id=\"CIiNoOzTxokDFfSgpgQd_8MdNg\">\n<div id=\"google_ads_iframe_\/2000002\/la-prensa\/mexico_nota_1x3_0__container__\">\n<div id=\"inArticle_1\">\n<div>\n<div>\n<div>\n<div><span style=\"font-size: 14pt;\">\u201cHoy, en una de las sesiones m\u00e1s importantes en la historia de la Suprema Corte de Justicia de la Naci\u00f3n, hemos visto el inusual \u00b4giro\u00b4 que ha dado un Ministro de la Suprema Corte.<\/span><\/div>\n<\/div>\n<\/div>\n<\/div>\n<\/div>\n<\/div>\n<\/div>\n<\/div>\n<article>\n<div id=\"content-body-5851641-12825965\">\n<p><span style=\"font-size: 14pt;\">\u201cMe refiero al ministro\u00a0Alberto P\u00e9rez Day\u00e1n, quien, con su \u00b4giro\u00b4 procedimental, ha asegurado que la\u00a0reforma del oficialismo\u00a0pueda\u00a0quitar a todos los jueces del pa\u00eds\u00a0mediante una\u00a0t\u00f3mbola.<\/span><\/p>\n<\/div>\n<\/article>\n","protected":false},"excerpt":{"rendered":"<p>\u201c\u00bfMinistro, ya lo doblaron? No se deje presionar\u201d, pidi\u00f3 el presidente del Partido Revolucionario Institucional (PRI),\u00a0Alejandro Moreno C\u00e1rdenas, al ministro\u00a0Alberto<\/p>\n","protected":false},"author":4,"featured_media":49838,"comment_status":"closed","ping_status":"closed","sticky":false,"template":"","format":"standard","meta":{"colormag_page_container_layout":"default_layout","colormag_page_sidebar_layout":"default_layout","_jetpack_memberships_contains_paid_content":false,"footnotes":"","jetpack_publicize_message":"","jetpack_publicize_feature_enabled":true,"jetpack_social_post_already_shared":false,"jetpack_social_options":{"image_generator_settings":{"template":"highway","default_image_id":0,"font":"","enabled":false},"version":2}},"categories":[33],"tags":[],"class_list":["post-49837","post","type-post","status-publish","format-standard","has-post-thumbnail","hentry","category-nacional"],"jetpack_publicize_connections":[],"jetpack_featured_media_url":"https:\/\/i0.wp.com\/politicosaldesnudo.com.mx\/wp-content\/uploads\/2024\/11\/Alejandro-Moreno-y-Perez-Dayan.png?fit=768%2C479&ssl=1","jetpack-related-posts":[],"jetpack_sharing_enabled":true,"_links":{"self":[{"href":"https:\/\/politicosaldesnudo.com.mx\/index.php\/wp-json\/wp\/v2\/posts\/49837","targetHints":{"allow":["GET"]}}],"collection":[{"href":"https:\/\/politicosaldesnudo.com.mx\/index.php\/wp-json\/wp\/v2\/posts"}],"about":[{"href":"https:\/\/politicosaldesnudo.com.mx\/index.php\/wp-json\/wp\/v2\/types\/post"}],"author":[{"embeddable":true,"href":"https:\/\/politicosaldesnudo.com.mx\/index.php\/wp-json\/wp\/v2\/users\/4"}],"replies":[{"embeddable":true,"href":"https:\/\/politicosaldesnudo.com.mx\/index.php\/wp-json\/wp\/v2\/comments?post=49837"}],"version-history":[{"count":0,"href":"https:\/\/politicosaldesnudo.com.mx\/index.php\/wp-json\/wp\/v2\/posts\/49837\/revisions"}],"wp:featuredmedia":[{"embeddable":true,"href":"https:\/\/politicosaldesnudo.com.mx\/index.php\/wp-json\/wp\/v2\/media\/49838"}],"wp:attachment":[{"href":"https:\/\/politicosaldesnudo.com.mx\/index.php\/wp-json\/wp\/v2\/media?parent=49837"}],"wp:term":[{"taxonomy":"category","embeddable":true,"href":"https:\/\/politicosaldesnudo.com.mx\/index.php\/wp-json\/wp\/v2\/categories?post=49837"},{"taxonomy":"post_tag","embeddable":true,"href":"https:\/\/politicosaldesnudo.com.mx\/index.php\/wp-json\/wp\/v2\/tags?post=49837"}],"curies":[{"name":"wp","href":"https:\/\/api.w.org\/{rel}","templated":true}]}}