{"id":5002,"date":"2022-05-09T01:20:09","date_gmt":"2022-05-09T06:20:09","guid":{"rendered":"https:\/\/politicosaldesnudo.com.mx\/?p=5002"},"modified":"2022-05-09T03:30:12","modified_gmt":"2022-05-09T08:30:12","slug":"la-gran-pelea-del-ano","status":"publish","type":"post","link":"https:\/\/politicosaldesnudo.com.mx\/index.php\/2022\/05\/09\/la-gran-pelea-del-ano\/","title":{"rendered":"La gran pelea del a\u00f1o\u00a0"},"content":{"rendered":"<p class=\"p1\"><span style=\"font-size: 18pt;\"><b>Por Carlos O. Silva Bandala<span class=\"Apple-converted-space\">\u00a0<\/span><\/b><\/span><\/p>\n<p class=\"p1\"><span style=\"font-size: 14pt;\">Un tema que est\u00e1 en los an\u00e1lisis pol\u00edticos como nota recurrente de inter\u00e9s nacional, se refiere a la iniciativa de reforma electoral, que recientemente ha enviado el presidente L\u00f3pez Obrador al Congreso de la Uni\u00f3n.<\/span><\/p>\n<p class=\"p1\"><span style=\"font-size: 14pt;\">La iniciativa de Reforma Electoral del presidente propone modificaciones radicales al sistema electoral mexicano, que de aprobarse, estremecer\u00e1n la configuraci\u00f3n del congreso federal y en los estados; el financiamiento de los partidos, la integraci\u00f3n de los \u00f3rganos electorales ( INE y TEPJF ), y el modelo de comunicaci\u00f3n pol\u00edtica por el que mediante \u00e9l, los partidos pol\u00edticos acceden a tiempos en radio y televisi\u00f3n.<\/span><\/p>\n<p class=\"p1\"><span style=\"font-size: 14pt;\">Estas cuestiones de la iniciativa requerir\u00e1n para su aprobaci\u00f3n de las dos terceras partes de los integrantes de la c\u00e1mara de diputados y de senadores; es decir, requiere de contar con mayor\u00eda calificada.<\/span><\/p>\n<p class=\"p1\"><span style=\"font-size: 14pt;\">Nada f\u00e1cil de lograrse, pues al someterse a su an\u00e1lisis y discusi\u00f3n por ambas c\u00e1maras, y dado que los partidos afines al r\u00e9gimen presidencial no representan la mayor\u00eda parlamentaria que obligadamente se requiere para aprobarse, es por ello que habr\u00e1 de buscar el consenso complementario.<\/span><\/p>\n<p>&nbsp;<\/p>\n<p><img data-recalc-dims=\"1\" loading=\"lazy\" decoding=\"async\" class=\"aligncenter wp-image-5025 size-large\" src=\"https:\/\/i0.wp.com\/politicosaldesnudo.com.mx\/wp-content\/uploads\/2022\/05\/Ca%CC%81mara-Diputados-1024x685.jpg?resize=800%2C535&#038;ssl=1\" alt=\"\" width=\"800\" height=\"535\" srcset=\"https:\/\/i0.wp.com\/politicosaldesnudo.com.mx\/wp-content\/uploads\/2022\/05\/Ca%CC%81mara-Diputados.jpg?resize=1024%2C685&amp;ssl=1 1024w, https:\/\/i0.wp.com\/politicosaldesnudo.com.mx\/wp-content\/uploads\/2022\/05\/Ca%CC%81mara-Diputados.jpg?resize=300%2C201&amp;ssl=1 300w, https:\/\/i0.wp.com\/politicosaldesnudo.com.mx\/wp-content\/uploads\/2022\/05\/Ca%CC%81mara-Diputados.jpg?resize=768%2C514&amp;ssl=1 768w, https:\/\/i0.wp.com\/politicosaldesnudo.com.mx\/wp-content\/uploads\/2022\/05\/Ca%CC%81mara-Diputados.jpg?resize=1536%2C1028&amp;ssl=1 1536w, https:\/\/i0.wp.com\/politicosaldesnudo.com.mx\/wp-content\/uploads\/2022\/05\/Ca%CC%81mara-Diputados.jpg?w=1600&amp;ssl=1 1600w\" sizes=\"auto, (max-width: 800px) 100vw, 800px\" \/><\/p>\n<p>&nbsp;<\/p>\n<p class=\"p1\"><span style=\"font-size: 14pt;\">No es ocioso mencionar que los partidos PAN\/PRI\/PRD\/MC, volver\u00e1n a proponer el parlamento abierto, como lo hicieron con lo acontecido con la reforma a la industria el\u00e9ctrica\u2026Que, sin embargo, los profundos cambios obligan a convocar a especialistas en derecho electoral, constitucional, parlamentario, por mencionar solo algunas especialidades del derecho\u2026 Es as\u00ed la necesaria raz\u00f3n para volver al parlamento abierto, para conocer el criterio y sapiencia jur\u00eddica que se congrega en las barras de abogados, en los colegios de abogados, en un buen n\u00famero de catedr\u00e1ticos de las escuelas y facultades de derecho de las universidades del pa\u00eds, porque t\u00e9cnicamente lo conceptual de la iniciativa presidencial es tema de la ciencia del derecho o jurisprudencia, ya que es la disciplina human\u00edstica que tiene como objeto el estudio, la interpretaci\u00f3n, integraci\u00f3n y sistematizaci\u00f3n de un orden jur\u00eddico para su justa aplicaci\u00f3n.<\/span><\/p>\n<p class=\"p1\"><span style=\"font-size: 14pt;\">La propuesta presidencial, no es un asunto puramente parlamentario en su pr\u00e1ctica normal de votar y determinar la mayor\u00eda num\u00e9rica de votos para aprobar, modificar o desechar propuesta alguna\u2026Lo planteado, son cuestiones que tienden a impactar profundamente todo un sistema pol\u00edtico por lo que nos hemos conducido como ciudadanos, militantes partidistas y legisladores, y ve\u00e1moslo\u2026Crear un nuevo instituto nacional de elecciones y consultas ( INEC ) y eliminar los 32 organismos p\u00fablicos locales\u2026Eliminar los tribunales electorales estatales y que sus funciones sean asumidas por el Tribunal Electoral del Poder Judicial de la Federaci\u00f3n ( TEPJF )\u2026Reducir el n\u00famero de integrantes de consejeros del INE de 11 a 7 y reducir su aparato administrativo\u2026As\u00ed tambi\u00e9n se plantea que tanto los consejeros del INE como los magistrados TEPJF sean electos por voto popular.<\/span><\/p>\n<p>&nbsp;<\/p>\n<p class=\"p1\"><span style=\"font-size: 18pt;\"><b>REFORMA ELECTORAL<span class=\"Apple-converted-space\">\u00a0<\/span><\/b><\/span><\/p>\n<p class=\"p1\"><span style=\"font-size: 14pt;\">La reforma plantea, reducir de 500 a 300 integrantes de la c\u00e1mara de diputados federales y de 128 a 96 la de senadores\u2026Eliminar el financiamiento p\u00fablico ordinario a los partidos pol\u00edticos\u2026recortar 18 minutos los tiempos de radio y tv para las campa\u00f1as\u2026Para el caso de revocaci\u00f3n de mandato, que la votaci\u00f3n pase del 40 % al 33 % de la lista nominal para ser vinculante.<\/span><\/p>\n<p class=\"p1\"><span style=\"font-size: 14pt;\">Las legislaturas locales se constituir\u00edan con un m\u00ednimo de 15 y un m\u00e1ximo de 45 diputados, que de acuerdo con nuevas reglas de conformaci\u00f3n habr\u00eda 654 legisladores, contra 1113 que existen actualmente.<\/span><\/p>\n<p class=\"p1\"><span style=\"font-size: 14pt;\">El financiamiento p\u00fablico a los partidos pol\u00edticos se mantendr\u00eda exclusivamente para gastos de campa\u00f1a en per\u00edodos electorales&#8230;La intenci\u00f3n de modificar el marco electoral, busca abaratar el costo de la democracia, que seg\u00fan lo ha expresado el Presidente, podr\u00edan lograrse ahorros por m\u00e1s de 20 mil millones de pesos, de tal suerte que, se busca que sean autosustentables a trav\u00e9s de aportaciones de sus simpatizantes, pues, es de reconocerse, ciertamente es muy alto el costo que los partidos pol\u00edticos representan al erario\u2026Se\u00f1ala que dichas aportaciones estar\u00edan legalmente vigiladas.<\/span><\/p>\n<p class=\"p1\"><span style=\"font-size: 14pt;\">En atenci\u00f3n a la propaganda gubernamental, la propuesta es ampliar las excepciones para que pueda difundirse lo relativo a obras y servicios p\u00fablicos en tiempos electorales.<\/span><\/p>\n<p class=\"p1\"><span style=\"font-size: 14pt;\">El Presidente sabe muy bien, que el solo hecho de no aparecer su imagen en las boletas electorales en el 2024, le restar\u00e1n una muy importante cantidad de votos a su pre-selecto candidato presidencial y candidatos a diputados y senadores, morenistas\u2026Entonces ve muy importante que tenga manga ancha para seguir promocionando y gloriarse en sus obras emblem\u00e1ticas, que tanto le han cuestionado y que seguramente ser\u00e1n meollo de discursos adversos de sus opositores\u2026 Le es inminente tener la autoridad critica permitida, de respuesta a los se\u00f1alamientos o detracci\u00f3n que le hagan.<\/span><\/p>\n<p class=\"p1\"><span style=\"font-size: 14pt;\">El presidente \/Morena no tiene mayor\u00eda parlamentaria federal para que pasen sin contratiempo sus reformas y m\u00e1s bien, prev\u00e9, que no se las aprueben\u2026En tales circunstancias, como en lo estatal esas reformas afectan en lo pol\u00edtico, electoral, partidista, legislativo y municipal, lo que el diciente estima, es que desde los 18 congresos estatales que tiene Morena en sus alforjas pol\u00edticas en 17 estados donde gobierna, es de pensarse que el Presidente se los va echar andar para que lo respalden y presionen al congreso federal y las aprueben\u2026 No es tan simple y sencillo alardear desde la oposici\u00f3n parlamentaria \u201cNO PASARAN\u201d.<\/span><\/p>\n<p class=\"p1\"><span style=\"font-size: 14pt;\">Vienen 6 elecciones para relevo del mismo n\u00famero de gobernadores\u2026Si Morena \/AMLO suma 4 o 5 nuevos gobernantes estatales y consecuentemente 4 o 5 congresos locales de mayor\u00eda morenista, que llegar\u00eda a la suma de 22 o 23 gobernadores \/Morena, y 21 o 22 congresos de mayor\u00eda morenista, el tema de la iniciativa de reforma electoral presidencial va escalar a la pol\u00e9mica y toma de partido muy inquietante, dir\u00eda impresionante, pol\u00edticamente.<\/span><\/p>\n<p class=\"p1\"><span style=\"font-size: 14pt;\">La oposici\u00f3n partidista \/ legislativa, PAN\/PRI\/PRD\/MC, en el Congreso de la Uni\u00f3n, especialmente a los partidos pol\u00edticos anotados, desde las vocer\u00edas pol\u00edticas afines al Presidente en los congresos estatales y de los gobernadores, los van a hacer pedazos\u2026 Si no hacen gala del principio inequ\u00edvoco pol\u00edtico de la concreta\/cesi\u00f3n, habr\u00e1n de valorar no cu\u00e1nto ganan oponi\u00e9ndose dogm\u00e1ticamente a las reformas del Presidente, sino m\u00e1s bien donde pierden menos para llegar al 2024.<\/span><\/p>\n<p class=\"p1\"><span style=\"font-size: 14pt;\">Qu\u00e9 lamentable ser\u00e1 ver que PAN\/PRI\/PRD llegasen muy desfigurados a las elecciones del 2024, por que la gran mayor\u00eda de la clase media est\u00e1 en la simpat\u00eda de estos partidos\u2026 La desgracia mayor ser\u00e1 para ese enorme e importante conglomerado social\u2026 La pregunta obligada es \u00bflas clases medias emigraran al Movimiento Ciudadano?&#8230; El viento habla, aunque no lo crean\u2026 Movimiento Ciudadano, \u00fanico partido pol\u00edtico \u201cPiano, piano se va lontano\u201d y cuyo l\u00edder y fundador, Dante Delgado es un viejo zorro de la pol\u00edtica, que ha ido construyendo, inteligentemente, paso a paso, por muchos a\u00f1os el partido pol\u00edtico moderado-centro-izquierda, y, quiz\u00e1, tal vez sea la opci\u00f3n que asegure mejor la lucha por el status econ\u00f3mico social del orden de 60 millones de clases medias.<span class=\"Apple-converted-space\">\u00a0<\/span><\/span><\/p>\n<p class=\"p1\"><span style=\"font-size: 14pt;\">Al paso del tiempo y circunstancias, hasta las piedras cambian de forma.<\/span><\/p>\n<p class=\"p1\"><span style=\"font-size: 14pt;\">Interpretaci\u00f3n: Los Morenos MC: Moreno-Marko Cort\u00e9s- Movimiento Ciudadano.<span class=\"Apple-converted-space\">\u00a0<\/span><\/span><\/p>\n<p>&nbsp;<\/p>\n<p>&nbsp;<\/p>\n<p><strong><span style=\"font-size: 18pt;\">Correo: <a class=\"rABsFf RffVmb AL18ce\" href=\"mailto:flormarcc2@gmail.com\" target=\"_blank\" rel=\"noopener\" data-tooltip-position=\"top\" data-tooltip=\"Del perfil de Google del usuario\">flormarcc2@gmail.com<\/a><\/span><\/strong><\/p>\n<p>&nbsp;<\/p>\n<p>&nbsp;<\/p>\n<p>&nbsp;<\/p>\n","protected":false},"excerpt":{"rendered":"<p>Por Carlos O. Silva Bandala\u00a0 Un tema que est\u00e1 en los an\u00e1lisis pol\u00edticos como nota recurrente de inter\u00e9s nacional, se<\/p>\n","protected":false},"author":4,"featured_media":5034,"comment_status":"closed","ping_status":"closed","sticky":false,"template":"","format":"standard","meta":{"colormag_page_container_layout":"default_layout","colormag_page_sidebar_layout":"default_layout","_jetpack_memberships_contains_paid_content":false,"footnotes":"","jetpack_publicize_message":"","jetpack_publicize_feature_enabled":true,"jetpack_social_post_already_shared":true,"jetpack_social_options":{"image_generator_settings":{"template":"highway","default_image_id":0,"font":"","enabled":false},"version":2}},"categories":[26],"tags":[],"class_list":["post-5002","post","type-post","status-publish","format-standard","has-post-thumbnail","hentry","category-columnistas"],"jetpack_publicize_connections":[],"jetpack_featured_media_url":"https:\/\/i0.wp.com\/politicosaldesnudo.com.mx\/wp-content\/uploads\/2022\/05\/1.png?fit=1816%2C1016&ssl=1","jetpack-related-posts":[],"jetpack_sharing_enabled":true,"_links":{"self":[{"href":"https:\/\/politicosaldesnudo.com.mx\/index.php\/wp-json\/wp\/v2\/posts\/5002","targetHints":{"allow":["GET"]}}],"collection":[{"href":"https:\/\/politicosaldesnudo.com.mx\/index.php\/wp-json\/wp\/v2\/posts"}],"about":[{"href":"https:\/\/politicosaldesnudo.com.mx\/index.php\/wp-json\/wp\/v2\/types\/post"}],"author":[{"embeddable":true,"href":"https:\/\/politicosaldesnudo.com.mx\/index.php\/wp-json\/wp\/v2\/users\/4"}],"replies":[{"embeddable":true,"href":"https:\/\/politicosaldesnudo.com.mx\/index.php\/wp-json\/wp\/v2\/comments?post=5002"}],"version-history":[{"count":0,"href":"https:\/\/politicosaldesnudo.com.mx\/index.php\/wp-json\/wp\/v2\/posts\/5002\/revisions"}],"wp:featuredmedia":[{"embeddable":true,"href":"https:\/\/politicosaldesnudo.com.mx\/index.php\/wp-json\/wp\/v2\/media\/5034"}],"wp:attachment":[{"href":"https:\/\/politicosaldesnudo.com.mx\/index.php\/wp-json\/wp\/v2\/media?parent=5002"}],"wp:term":[{"taxonomy":"category","embeddable":true,"href":"https:\/\/politicosaldesnudo.com.mx\/index.php\/wp-json\/wp\/v2\/categories?post=5002"},{"taxonomy":"post_tag","embeddable":true,"href":"https:\/\/politicosaldesnudo.com.mx\/index.php\/wp-json\/wp\/v2\/tags?post=5002"}],"curies":[{"name":"wp","href":"https:\/\/api.w.org\/{rel}","templated":true}]}}