{"id":50060,"date":"2024-11-09T00:08:29","date_gmt":"2024-11-09T06:08:29","guid":{"rendered":"https:\/\/politicosaldesnudo.com.mx\/?p=50060"},"modified":"2024-11-08T21:30:31","modified_gmt":"2024-11-09T03:30:31","slug":"uruguay-se-alista-para-ser-anfitrion-de-la-proxima-cumbre-del-mercosur-en-diciembre","status":"publish","type":"post","link":"https:\/\/politicosaldesnudo.com.mx\/index.php\/2024\/11\/09\/uruguay-se-alista-para-ser-anfitrion-de-la-proxima-cumbre-del-mercosur-en-diciembre\/","title":{"rendered":"Uruguay se alista para ser anfitri\u00f3n de la pr\u00f3xima cumbre del Mercosur en diciembre"},"content":{"rendered":"<p><span style=\"font-size: 14pt;\">La pr\u00f3xima cumbre del\u00a0Mercosur\u00a0ser\u00e1 el 5 y 6 de diciembre en\u00a0Uruguay, que este semestre ocupa la presidencia pro t\u00e9mpore del bloque sudamericano, informaron el viernes fuentes oficiales uruguayas.<\/span><\/p>\n<p><span style=\"font-size: 14pt;\">A la cita en el\u00a0Edificio Mercosur de Montevideo\u00a0est\u00e1n convocados los presidentes de los cuatro pa\u00edses fundadores del Mercado Com\u00fan del Sur (Argentina, Brasil, Paraguay y Uruguay), as\u00ed como de Bolivia, que formaliz\u00f3 su incorporaci\u00f3n como miembro pleno en julio.<\/span><\/p>\n<p><span style=\"font-size: 14pt;\">Tambi\u00e9n se espera al mandatario de\u00a0Panam\u00e1, pa\u00eds que avanza hacia su integraci\u00f3n como Estado Asociado.<\/span><\/p>\n<p><span style=\"font-size: 14pt;\">La \u00faltima cumbre del Mercosur, realizada el 8 de julio en Asunci\u00f3n, transcurri\u00f3 sin el presidente Javier Milei de Argentina, segunda econom\u00eda del bloque, una ausencia cuestionada en particular por el mandatario uruguayo, Luis Lacalle Pou.<\/span><\/p>\n","protected":false},"excerpt":{"rendered":"<p>La pr\u00f3xima cumbre del\u00a0Mercosur\u00a0ser\u00e1 el 5 y 6 de diciembre en\u00a0Uruguay, que este semestre ocupa la presidencia pro t\u00e9mpore del<\/p>\n","protected":false},"author":4,"featured_media":50061,"comment_status":"closed","ping_status":"closed","sticky":false,"template":"","format":"standard","meta":{"colormag_page_container_layout":"default_layout","colormag_page_sidebar_layout":"default_layout","_jetpack_memberships_contains_paid_content":false,"footnotes":"","jetpack_publicize_message":"","jetpack_publicize_feature_enabled":true,"jetpack_social_post_already_shared":false,"jetpack_social_options":{"image_generator_settings":{"template":"highway","default_image_id":0,"font":"","enabled":false},"version":2}},"categories":[2050],"tags":[],"class_list":["post-50060","post","type-post","status-publish","format-standard","has-post-thumbnail","hentry","category-economia"],"jetpack_publicize_connections":[],"jetpack_featured_media_url":"https:\/\/i0.wp.com\/politicosaldesnudo.com.mx\/wp-content\/uploads\/2024\/11\/672eb16da93d7.png?fit=1000%2C667&ssl=1","jetpack-related-posts":[],"jetpack_sharing_enabled":true,"_links":{"self":[{"href":"https:\/\/politicosaldesnudo.com.mx\/index.php\/wp-json\/wp\/v2\/posts\/50060","targetHints":{"allow":["GET"]}}],"collection":[{"href":"https:\/\/politicosaldesnudo.com.mx\/index.php\/wp-json\/wp\/v2\/posts"}],"about":[{"href":"https:\/\/politicosaldesnudo.com.mx\/index.php\/wp-json\/wp\/v2\/types\/post"}],"author":[{"embeddable":true,"href":"https:\/\/politicosaldesnudo.com.mx\/index.php\/wp-json\/wp\/v2\/users\/4"}],"replies":[{"embeddable":true,"href":"https:\/\/politicosaldesnudo.com.mx\/index.php\/wp-json\/wp\/v2\/comments?post=50060"}],"version-history":[{"count":0,"href":"https:\/\/politicosaldesnudo.com.mx\/index.php\/wp-json\/wp\/v2\/posts\/50060\/revisions"}],"wp:featuredmedia":[{"embeddable":true,"href":"https:\/\/politicosaldesnudo.com.mx\/index.php\/wp-json\/wp\/v2\/media\/50061"}],"wp:attachment":[{"href":"https:\/\/politicosaldesnudo.com.mx\/index.php\/wp-json\/wp\/v2\/media?parent=50060"}],"wp:term":[{"taxonomy":"category","embeddable":true,"href":"https:\/\/politicosaldesnudo.com.mx\/index.php\/wp-json\/wp\/v2\/categories?post=50060"},{"taxonomy":"post_tag","embeddable":true,"href":"https:\/\/politicosaldesnudo.com.mx\/index.php\/wp-json\/wp\/v2\/tags?post=50060"}],"curies":[{"name":"wp","href":"https:\/\/api.w.org\/{rel}","templated":true}]}}