{"id":50096,"date":"2024-11-10T00:02:44","date_gmt":"2024-11-10T06:02:44","guid":{"rendered":"https:\/\/politicosaldesnudo.com.mx\/?p=50096"},"modified":"2024-11-09T22:40:49","modified_gmt":"2024-11-10T04:40:49","slug":"agradece-nahle-respaldo-de-claudia-a-veracruz","status":"publish","type":"post","link":"https:\/\/politicosaldesnudo.com.mx\/index.php\/2024\/11\/10\/agradece-nahle-respaldo-de-claudia-a-veracruz\/","title":{"rendered":"Agradece Nahle respaldo de Claudia a Veracruz"},"content":{"rendered":"<p><span style=\"font-size: 14pt;\">Reconozco la apertura y respaldo que la presidenta Claudia Sheinbaum Pardo ha refrendando a Veracruz, asegur\u00f3 la gobernadora electa, Roc\u00edo Nahle Garc\u00eda tras reuni\u00f3n con la presidenta de M\u00e9xico, Claudia Sheinbaum Pardo.<\/span><\/p>\n<p><span style=\"font-size: 14pt;\">Destac\u00f3 que el tiempo de las mujeres es ya una realidad en M\u00e9xico y en Veracruz, y esta reuni\u00f3n lo demuestra.<\/span><\/p>\n<p><span style=\"font-size: 14pt;\">Claudia Sheinbaum Pardo, reiter\u00f3 que en su administraci\u00f3n el apoyo para Veracruz continuar\u00e1 con mayor fuerza y ser\u00e1 a trav\u00e9s de la coordinaci\u00f3n Estado-Federaci\u00f3n que se consolidar\u00e1n grandes proyectos que detonar\u00e1n la econom\u00eda y beneficiar\u00e1n a las y los ciudadanos.<\/span><\/p>\n<p><span style=\"font-size: 14pt;\">\u201cComo siempre, un honor conversar con nuestra presidenta Claudia Sheinbaum Pardo sobre la transformaci\u00f3n y el trabajo coordinado \u00a1Por amor a Veracruz!\u201d, subray\u00f3.<\/span><\/p>\n","protected":false},"excerpt":{"rendered":"<p>Reconozco la apertura y respaldo que la presidenta Claudia Sheinbaum Pardo ha refrendando a Veracruz, asegur\u00f3 la gobernadora electa, Roc\u00edo<\/p>\n","protected":false},"author":4,"featured_media":50097,"comment_status":"closed","ping_status":"closed","sticky":false,"template":"","format":"standard","meta":{"colormag_page_container_layout":"default_layout","colormag_page_sidebar_layout":"default_layout","_jetpack_memberships_contains_paid_content":false,"footnotes":"","jetpack_publicize_message":"","jetpack_publicize_feature_enabled":true,"jetpack_social_post_already_shared":false,"jetpack_social_options":{"image_generator_settings":{"template":"highway","default_image_id":0,"font":"","enabled":false},"version":2}},"categories":[1082],"tags":[],"class_list":["post-50096","post","type-post","status-publish","format-standard","has-post-thumbnail","hentry","category-tuxpan"],"jetpack_publicize_connections":[],"jetpack_featured_media_url":"https:\/\/i0.wp.com\/politicosaldesnudo.com.mx\/wp-content\/uploads\/2024\/11\/extra-7.jpg?fit=900%2C1200&ssl=1","jetpack-related-posts":[],"jetpack_sharing_enabled":true,"_links":{"self":[{"href":"https:\/\/politicosaldesnudo.com.mx\/index.php\/wp-json\/wp\/v2\/posts\/50096","targetHints":{"allow":["GET"]}}],"collection":[{"href":"https:\/\/politicosaldesnudo.com.mx\/index.php\/wp-json\/wp\/v2\/posts"}],"about":[{"href":"https:\/\/politicosaldesnudo.com.mx\/index.php\/wp-json\/wp\/v2\/types\/post"}],"author":[{"embeddable":true,"href":"https:\/\/politicosaldesnudo.com.mx\/index.php\/wp-json\/wp\/v2\/users\/4"}],"replies":[{"embeddable":true,"href":"https:\/\/politicosaldesnudo.com.mx\/index.php\/wp-json\/wp\/v2\/comments?post=50096"}],"version-history":[{"count":0,"href":"https:\/\/politicosaldesnudo.com.mx\/index.php\/wp-json\/wp\/v2\/posts\/50096\/revisions"}],"wp:featuredmedia":[{"embeddable":true,"href":"https:\/\/politicosaldesnudo.com.mx\/index.php\/wp-json\/wp\/v2\/media\/50097"}],"wp:attachment":[{"href":"https:\/\/politicosaldesnudo.com.mx\/index.php\/wp-json\/wp\/v2\/media?parent=50096"}],"wp:term":[{"taxonomy":"category","embeddable":true,"href":"https:\/\/politicosaldesnudo.com.mx\/index.php\/wp-json\/wp\/v2\/categories?post=50096"},{"taxonomy":"post_tag","embeddable":true,"href":"https:\/\/politicosaldesnudo.com.mx\/index.php\/wp-json\/wp\/v2\/tags?post=50096"}],"curies":[{"name":"wp","href":"https:\/\/api.w.org\/{rel}","templated":true}]}}