{"id":50099,"date":"2024-11-10T00:03:54","date_gmt":"2024-11-10T06:03:54","guid":{"rendered":"https:\/\/politicosaldesnudo.com.mx\/?p=50099"},"modified":"2024-11-09T22:42:10","modified_gmt":"2024-11-10T04:42:10","slug":"refuerzan-vigilancia-en-zona-arqueologica","status":"publish","type":"post","link":"https:\/\/politicosaldesnudo.com.mx\/index.php\/2024\/11\/10\/refuerzan-vigilancia-en-zona-arqueologica\/","title":{"rendered":"Refuerzan vigilancia en zona arqueol\u00f3gica"},"content":{"rendered":"<p><span style=\"font-size: 14pt;\">La presencia de elementos de la Guardia Nacional en la zona arqueol\u00f3gica del Taj\u00edn, tiene como objetivo garantizar la seguridad de este importante patrimonio cultural y los visitantes que acuden a conocerlo.<\/span><\/p>\n<p><span style=\"font-size: 14pt;\">Los recorridos de vigilancia son una medida preventiva para evitar actos de vandalismo, robos o da\u00f1os a las estructuras arqueol\u00f3gicas, siendo el objetivo proteger el patrimonio cultural en sitios hist\u00f3ricos y proporcionar seguridad a los turistas nacionales y extranjeros.<\/span><\/p>\n<p><span style=\"font-size: 14pt;\">Cabe mencionar que el Taj\u00edn, conocido por sus impresionantes pir\u00e1mides y el Juego de Pelota m\u00e1s grande de Mesoam\u00e9rica, es uno de los destinos tur\u00edsticos m\u00e1s importantes de Veracruz, lo que hace fundamental mantener un entorno seguro para quienes visitan y trabajan en el lugar.<\/span><\/p>\n<p><span style=\"font-size: 14pt;\">La colaboraci\u00f3n de la Guardia Nacional con las autoridades culturales y de seguridad locales forma parte de una estrategia integral para proteger este patrimonio de la humanidad, considerado uno de los m\u00e1s valiosos de M\u00e9xico.<\/span><\/p>\n<p><span style=\"font-size: 14pt;\">Este esfuerzo conjunto entre las autoridades de seguridad y las de conservaci\u00f3n cultural refleja el compromiso del gobierno mexicano para preservar el Taj\u00edn como un tesoro hist\u00f3rico y cultural para las futuras generaciones.<\/span><\/p>\n","protected":false},"excerpt":{"rendered":"<p>La presencia de elementos de la Guardia Nacional en la zona arqueol\u00f3gica del Taj\u00edn, tiene como objetivo garantizar la seguridad<\/p>\n","protected":false},"author":4,"featured_media":50100,"comment_status":"closed","ping_status":"closed","sticky":false,"template":"","format":"standard","meta":{"colormag_page_container_layout":"default_layout","colormag_page_sidebar_layout":"default_layout","_jetpack_memberships_contains_paid_content":false,"footnotes":"","jetpack_publicize_message":"","jetpack_publicize_feature_enabled":true,"jetpack_social_post_already_shared":false,"jetpack_social_options":{"image_generator_settings":{"template":"highway","default_image_id":0,"font":"","enabled":false},"version":2}},"categories":[1082],"tags":[],"class_list":["post-50099","post","type-post","status-publish","format-standard","has-post-thumbnail","hentry","category-tuxpan"],"jetpack_publicize_connections":[],"jetpack_featured_media_url":"https:\/\/i0.wp.com\/politicosaldesnudo.com.mx\/wp-content\/uploads\/2024\/11\/6a1-1.jpg?fit=800%2C360&ssl=1","jetpack-related-posts":[],"jetpack_sharing_enabled":true,"_links":{"self":[{"href":"https:\/\/politicosaldesnudo.com.mx\/index.php\/wp-json\/wp\/v2\/posts\/50099","targetHints":{"allow":["GET"]}}],"collection":[{"href":"https:\/\/politicosaldesnudo.com.mx\/index.php\/wp-json\/wp\/v2\/posts"}],"about":[{"href":"https:\/\/politicosaldesnudo.com.mx\/index.php\/wp-json\/wp\/v2\/types\/post"}],"author":[{"embeddable":true,"href":"https:\/\/politicosaldesnudo.com.mx\/index.php\/wp-json\/wp\/v2\/users\/4"}],"replies":[{"embeddable":true,"href":"https:\/\/politicosaldesnudo.com.mx\/index.php\/wp-json\/wp\/v2\/comments?post=50099"}],"version-history":[{"count":0,"href":"https:\/\/politicosaldesnudo.com.mx\/index.php\/wp-json\/wp\/v2\/posts\/50099\/revisions"}],"wp:featuredmedia":[{"embeddable":true,"href":"https:\/\/politicosaldesnudo.com.mx\/index.php\/wp-json\/wp\/v2\/media\/50100"}],"wp:attachment":[{"href":"https:\/\/politicosaldesnudo.com.mx\/index.php\/wp-json\/wp\/v2\/media?parent=50099"}],"wp:term":[{"taxonomy":"category","embeddable":true,"href":"https:\/\/politicosaldesnudo.com.mx\/index.php\/wp-json\/wp\/v2\/categories?post=50099"},{"taxonomy":"post_tag","embeddable":true,"href":"https:\/\/politicosaldesnudo.com.mx\/index.php\/wp-json\/wp\/v2\/tags?post=50099"}],"curies":[{"name":"wp","href":"https:\/\/api.w.org\/{rel}","templated":true}]}}