{"id":50120,"date":"2024-11-10T00:09:09","date_gmt":"2024-11-10T06:09:09","guid":{"rendered":"https:\/\/politicosaldesnudo.com.mx\/?p=50120"},"modified":"2024-11-09T23:01:24","modified_gmt":"2024-11-10T05:01:24","slug":"tequila-y-vinos-de-la-mancha-colaboraran-en-proteccion-mutua-2","status":"publish","type":"post","link":"https:\/\/politicosaldesnudo.com.mx\/index.php\/2024\/11\/10\/tequila-y-vinos-de-la-mancha-colaboraran-en-proteccion-mutua-2\/","title":{"rendered":"Tequila y Vinos de la Mancha colaborar\u00e1n en protecci\u00f3n mutua"},"content":{"rendered":"<div>\n<div>\n<p><span style=\"font-size: 14pt;\"> Los\u00a0Consejos Reguladores del Tequila\u00a0(CRT) y de la Denominaci\u00f3n de Origen de Vinos de la Mancha, firmaron un convenio de colaboraci\u00f3n para la protecci\u00f3n mutua y la defensa de los valores que ambas Denominaciones de Origen representan.<\/span><\/p>\n<p><span style=\"font-size: 14pt;\">\u201cEste convenio nos permitir\u00e1 compartir nuestras experiencias y mejores pr\u00e1cticas, as\u00ed como informaci\u00f3n clave para la protecci\u00f3n de nuestras denominaciones en los mercados internacionales\u00bb, se\u00f1al\u00f3 el presidente del Consejo Regulador del Tequila, Miguel \u00c1ngel Dom\u00ednguez.<\/span><\/p>\n<div><span style=\"font-size: 14pt;\">\u201cBuscar esa sinergia con uno de los productos m\u00e1s importantes de M\u00e9xico como lo es el Tequila, pues es importante este acuerdo de colaboraci\u00f3n en el cual nos complementaremos en los pr\u00f3ximos meses y a\u00f1os\u201d, indic\u00f3, por su parte, Carlos David Bonilla Merchante, presidente del Consejo Regulador de la Denominaci\u00f3n de Origen de Vinos de La Mancha.<\/span><\/div>\n<\/div>\n<\/div>\n","protected":false},"excerpt":{"rendered":"<p>Los\u00a0Consejos Reguladores del Tequila\u00a0(CRT) y de la Denominaci\u00f3n de Origen de Vinos de la Mancha, firmaron un convenio de colaboraci\u00f3n<\/p>\n","protected":false},"author":4,"featured_media":50121,"comment_status":"closed","ping_status":"closed","sticky":false,"template":"","format":"standard","meta":{"colormag_page_container_layout":"default_layout","colormag_page_sidebar_layout":"default_layout","_jetpack_memberships_contains_paid_content":false,"footnotes":"","jetpack_publicize_message":"","jetpack_publicize_feature_enabled":true,"jetpack_social_post_already_shared":false,"jetpack_social_options":{"image_generator_settings":{"template":"highway","default_image_id":0,"font":"","enabled":false},"version":2}},"categories":[30],"tags":[],"class_list":["post-50120","post","type-post","status-publish","format-standard","has-post-thumbnail","hentry","category-estados"],"jetpack_publicize_connections":[],"jetpack_featured_media_url":"https:\/\/i0.wp.com\/politicosaldesnudo.com.mx\/wp-content\/uploads\/2024\/11\/672e76d7348a7.r_d.760-410-5009-1.png?fit=1000%2C563&ssl=1","jetpack-related-posts":[],"jetpack_sharing_enabled":true,"_links":{"self":[{"href":"https:\/\/politicosaldesnudo.com.mx\/index.php\/wp-json\/wp\/v2\/posts\/50120","targetHints":{"allow":["GET"]}}],"collection":[{"href":"https:\/\/politicosaldesnudo.com.mx\/index.php\/wp-json\/wp\/v2\/posts"}],"about":[{"href":"https:\/\/politicosaldesnudo.com.mx\/index.php\/wp-json\/wp\/v2\/types\/post"}],"author":[{"embeddable":true,"href":"https:\/\/politicosaldesnudo.com.mx\/index.php\/wp-json\/wp\/v2\/users\/4"}],"replies":[{"embeddable":true,"href":"https:\/\/politicosaldesnudo.com.mx\/index.php\/wp-json\/wp\/v2\/comments?post=50120"}],"version-history":[{"count":0,"href":"https:\/\/politicosaldesnudo.com.mx\/index.php\/wp-json\/wp\/v2\/posts\/50120\/revisions"}],"wp:featuredmedia":[{"embeddable":true,"href":"https:\/\/politicosaldesnudo.com.mx\/index.php\/wp-json\/wp\/v2\/media\/50121"}],"wp:attachment":[{"href":"https:\/\/politicosaldesnudo.com.mx\/index.php\/wp-json\/wp\/v2\/media?parent=50120"}],"wp:term":[{"taxonomy":"category","embeddable":true,"href":"https:\/\/politicosaldesnudo.com.mx\/index.php\/wp-json\/wp\/v2\/categories?post=50120"},{"taxonomy":"post_tag","embeddable":true,"href":"https:\/\/politicosaldesnudo.com.mx\/index.php\/wp-json\/wp\/v2\/tags?post=50120"}],"curies":[{"name":"wp","href":"https:\/\/api.w.org\/{rel}","templated":true}]}}