{"id":50178,"date":"2024-11-11T00:12:18","date_gmt":"2024-11-11T06:12:18","guid":{"rendered":"https:\/\/politicosaldesnudo.com.mx\/?p=50178"},"modified":"2024-11-10T20:40:39","modified_gmt":"2024-11-11T02:40:39","slug":"puebla-requiere-recuperar-turismo-de-convenciones","status":"publish","type":"post","link":"https:\/\/politicosaldesnudo.com.mx\/index.php\/2024\/11\/11\/puebla-requiere-recuperar-turismo-de-convenciones\/","title":{"rendered":"Puebla requiere recuperar turismo de convenciones"},"content":{"rendered":"<p><span style=\"font-size: 14pt;\">En\u00a0Puebla, en promedio al a\u00f1o, se deber\u00edan realizar 140 eventos de congresos y convenciones, lo cual se dej\u00f3 de tener en los \u00faltimos ocho a\u00f1os por la falta de promoci\u00f3n como sede, pese a que se tienen recintos, algunos para\u00a0albergar hasta 5,000 personas.<\/span><\/p>\n<p><span style=\"font-size: 14pt;\">Los prestadores de servicios coincidieron que, en la actualidad, apenas se llegan a los 60 eventos por a\u00f1o, situaci\u00f3n que afecta en derrama econ\u00f3mica, ante la poca afluencia del turismo de convenciones.<\/span><\/p>\n<p><span style=\"font-size: 14pt;\">Al respecto, Javier Cu\u00e9 de la Fuente, presidente del Consejo Empresarial Tur\u00edstico (CNET) en Puebla, refiri\u00f3 que despu\u00e9s de la\u00a0pandemia Covid-19, Puebla capital no se ha podido recuperar respecto a la atracci\u00f3n de convenciones grandes aun cuando desde el 2023 se normaliz\u00f3 la actividad en ese sector.<\/span><\/p>\n<p><span style=\"font-size: 14pt;\">Coment\u00f3 que\u00a0hoteleros, restauranteros y turoperadores\u00a0resultan perjudicados por la poca realizaci\u00f3n de convenciones en la Angel\u00f3polis entre semana, cuya ocupaci\u00f3n de cuartos oscila en 40 por ciento.<\/span><\/p>\n","protected":false},"excerpt":{"rendered":"<p>En\u00a0Puebla, en promedio al a\u00f1o, se deber\u00edan realizar 140 eventos de congresos y convenciones, lo cual se dej\u00f3 de tener<\/p>\n","protected":false},"author":4,"featured_media":50179,"comment_status":"closed","ping_status":"closed","sticky":false,"template":"","format":"standard","meta":{"colormag_page_container_layout":"default_layout","colormag_page_sidebar_layout":"default_layout","_jetpack_memberships_contains_paid_content":false,"footnotes":"","jetpack_publicize_message":"","jetpack_publicize_feature_enabled":true,"jetpack_social_post_already_shared":false,"jetpack_social_options":{"image_generator_settings":{"template":"highway","default_image_id":0,"font":"","enabled":false},"version":2}},"categories":[30],"tags":[],"class_list":["post-50178","post","type-post","status-publish","format-standard","has-post-thumbnail","hentry","category-estados"],"jetpack_publicize_connections":[],"jetpack_featured_media_url":"https:\/\/i0.wp.com\/politicosaldesnudo.com.mx\/wp-content\/uploads\/2024\/11\/66ec20a400f91.jpeg?fit=1280%2C720&ssl=1","jetpack-related-posts":[],"jetpack_sharing_enabled":true,"_links":{"self":[{"href":"https:\/\/politicosaldesnudo.com.mx\/index.php\/wp-json\/wp\/v2\/posts\/50178","targetHints":{"allow":["GET"]}}],"collection":[{"href":"https:\/\/politicosaldesnudo.com.mx\/index.php\/wp-json\/wp\/v2\/posts"}],"about":[{"href":"https:\/\/politicosaldesnudo.com.mx\/index.php\/wp-json\/wp\/v2\/types\/post"}],"author":[{"embeddable":true,"href":"https:\/\/politicosaldesnudo.com.mx\/index.php\/wp-json\/wp\/v2\/users\/4"}],"replies":[{"embeddable":true,"href":"https:\/\/politicosaldesnudo.com.mx\/index.php\/wp-json\/wp\/v2\/comments?post=50178"}],"version-history":[{"count":0,"href":"https:\/\/politicosaldesnudo.com.mx\/index.php\/wp-json\/wp\/v2\/posts\/50178\/revisions"}],"wp:featuredmedia":[{"embeddable":true,"href":"https:\/\/politicosaldesnudo.com.mx\/index.php\/wp-json\/wp\/v2\/media\/50179"}],"wp:attachment":[{"href":"https:\/\/politicosaldesnudo.com.mx\/index.php\/wp-json\/wp\/v2\/media?parent=50178"}],"wp:term":[{"taxonomy":"category","embeddable":true,"href":"https:\/\/politicosaldesnudo.com.mx\/index.php\/wp-json\/wp\/v2\/categories?post=50178"},{"taxonomy":"post_tag","embeddable":true,"href":"https:\/\/politicosaldesnudo.com.mx\/index.php\/wp-json\/wp\/v2\/tags?post=50178"}],"curies":[{"name":"wp","href":"https:\/\/api.w.org\/{rel}","templated":true}]}}