{"id":50233,"date":"2024-11-12T00:05:10","date_gmt":"2024-11-12T06:05:10","guid":{"rendered":"https:\/\/politicosaldesnudo.com.mx\/?p=50233"},"modified":"2024-11-11T20:32:45","modified_gmt":"2024-11-12T02:32:45","slug":"trump-nombrara-a-exdirector-de-inmigracion-tom-homan-como-zar-de-las-fronteras-de-eu","status":"publish","type":"post","link":"https:\/\/politicosaldesnudo.com.mx\/index.php\/2024\/11\/12\/trump-nombrara-a-exdirector-de-inmigracion-tom-homan-como-zar-de-las-fronteras-de-eu\/","title":{"rendered":"Trump nombrar\u00e1 a exdirector de inmigraci\u00f3n Tom Homan como zar de las fronteras de EU"},"content":{"rendered":"<p><span style=\"font-size: 14pt;\">Tom Homan, el futuro \u00abzar de las fronteras\u00bb del presidente electo de Estados Unidos,\u00a0Donald Trump, dijo el lunes que dar\u00e1\u00a0prioridad a la deportaci\u00f3n de los inmigrantes\u00a0que se encuentren de manera\u00a0ilegal\u00a0en el pa\u00eds y supongan una\u00a0amenaza para la seguridad.<\/span><\/p>\n<p><span style=\"font-size: 14pt;\">Trump, que asumir\u00e1 el cargo en enero, dijo en una publicaci\u00f3n en las redes sociales durante la noche que el ex director interino del\u00a0Servicio de Inmigraci\u00f3n y Control de Aduanas\u00a0(ICE, por sus siglas en ingl\u00e9s) de su primera administraci\u00f3n estar\u00e1 a cargo de las fronteras del pa\u00eds en su nuevo gobierno a partir del 20 de enero.<\/span><\/p>\n","protected":false},"excerpt":{"rendered":"<p>Tom Homan, el futuro \u00abzar de las fronteras\u00bb del presidente electo de Estados Unidos,\u00a0Donald Trump, dijo el lunes que dar\u00e1\u00a0prioridad<\/p>\n","protected":false},"author":4,"featured_media":50234,"comment_status":"closed","ping_status":"closed","sticky":false,"template":"","format":"standard","meta":{"colormag_page_container_layout":"default_layout","colormag_page_sidebar_layout":"default_layout","_jetpack_memberships_contains_paid_content":false,"footnotes":"","jetpack_publicize_message":"","jetpack_publicize_feature_enabled":true,"jetpack_social_post_already_shared":false,"jetpack_social_options":{"image_generator_settings":{"template":"highway","default_image_id":0,"font":"","enabled":false},"version":2}},"categories":[28],"tags":[],"class_list":["post-50233","post","type-post","status-publish","format-standard","has-post-thumbnail","hentry","category-internacional"],"jetpack_publicize_connections":[],"jetpack_featured_media_url":"https:\/\/i0.wp.com\/politicosaldesnudo.com.mx\/wp-content\/uploads\/2024\/11\/Tom-Homan.png?fit=768%2C479&ssl=1","jetpack-related-posts":[],"jetpack_sharing_enabled":true,"_links":{"self":[{"href":"https:\/\/politicosaldesnudo.com.mx\/index.php\/wp-json\/wp\/v2\/posts\/50233","targetHints":{"allow":["GET"]}}],"collection":[{"href":"https:\/\/politicosaldesnudo.com.mx\/index.php\/wp-json\/wp\/v2\/posts"}],"about":[{"href":"https:\/\/politicosaldesnudo.com.mx\/index.php\/wp-json\/wp\/v2\/types\/post"}],"author":[{"embeddable":true,"href":"https:\/\/politicosaldesnudo.com.mx\/index.php\/wp-json\/wp\/v2\/users\/4"}],"replies":[{"embeddable":true,"href":"https:\/\/politicosaldesnudo.com.mx\/index.php\/wp-json\/wp\/v2\/comments?post=50233"}],"version-history":[{"count":0,"href":"https:\/\/politicosaldesnudo.com.mx\/index.php\/wp-json\/wp\/v2\/posts\/50233\/revisions"}],"wp:featuredmedia":[{"embeddable":true,"href":"https:\/\/politicosaldesnudo.com.mx\/index.php\/wp-json\/wp\/v2\/media\/50234"}],"wp:attachment":[{"href":"https:\/\/politicosaldesnudo.com.mx\/index.php\/wp-json\/wp\/v2\/media?parent=50233"}],"wp:term":[{"taxonomy":"category","embeddable":true,"href":"https:\/\/politicosaldesnudo.com.mx\/index.php\/wp-json\/wp\/v2\/categories?post=50233"},{"taxonomy":"post_tag","embeddable":true,"href":"https:\/\/politicosaldesnudo.com.mx\/index.php\/wp-json\/wp\/v2\/tags?post=50233"}],"curies":[{"name":"wp","href":"https:\/\/api.w.org\/{rel}","templated":true}]}}