{"id":50257,"date":"2024-11-12T00:13:56","date_gmt":"2024-11-12T06:13:56","guid":{"rendered":"https:\/\/politicosaldesnudo.com.mx\/?p=50257"},"modified":"2024-11-11T20:48:11","modified_gmt":"2024-11-12T02:48:11","slug":"presidente-de-espana-anuncia-nuevas-apoyos-por-casi-3800-millones-de-euros-tras-inundaciones","status":"publish","type":"post","link":"https:\/\/politicosaldesnudo.com.mx\/index.php\/2024\/11\/12\/presidente-de-espana-anuncia-nuevas-apoyos-por-casi-3800-millones-de-euros-tras-inundaciones\/","title":{"rendered":"Presidente de Espa\u00f1a anuncia nuevas apoyos por casi 3,800 millones de euros tras inundaciones"},"content":{"rendered":"<p><span style=\"font-size: 14pt;\">Pedro S\u00e1nchez, presidente de Espa\u00f1a, anunci\u00f3 ayer la adopci\u00f3n de un nuevo paquete de medidas de ayuda para los afectados por las mort\u00edferas inundaciones del 29 de octubre en la regi\u00f3n de Valencia, por adicional de casi 3,800 millones de euros.<\/span><\/p>\n<p><span style=\"font-size: 14pt;\">El mandatario anunci\u00f3 la semana pasada un primer plan de ayuda de 10,600 millones de euros para hacer frente la cat\u00e1strofe que dej\u00f3 m\u00e1s de 220 fallecidos.<\/span><\/p>\n<p><span style=\"font-size: 14pt;\">\u201cEl gobierno de Espa\u00f1a est\u00e1 y va a estar ah\u00ed, con todos los recursos necesarios y durante todo el tiempo que haga falta\u201d, asegur\u00f3 S\u00e1nchez en conferencia El jefe del Ejecutivo progresista indic\u00f3 ayer que las medidas de apoyo se extender\u00e1n a m\u00e1s personas y bienes, al tiempo que los agricultores recibir\u00e1n nuevas ayudas por una cantidad total de 200 millones de euros.<\/span><\/p>\n<p><span style=\"font-size: 14pt;\">S\u00e1nchez compar\u00f3 este plan con el desplegado por el Estado para apoyar la econom\u00eda durante la pandemia de Covid-19.<\/span><\/p>\n","protected":false},"excerpt":{"rendered":"<p>Pedro S\u00e1nchez, presidente de Espa\u00f1a, anunci\u00f3 ayer la adopci\u00f3n de un nuevo paquete de medidas de ayuda para los afectados<\/p>\n","protected":false},"author":4,"featured_media":50258,"comment_status":"closed","ping_status":"closed","sticky":false,"template":"","format":"standard","meta":{"colormag_page_container_layout":"default_layout","colormag_page_sidebar_layout":"default_layout","_jetpack_memberships_contains_paid_content":false,"footnotes":"","jetpack_publicize_message":"","jetpack_publicize_feature_enabled":true,"jetpack_social_post_already_shared":false,"jetpack_social_options":{"image_generator_settings":{"template":"highway","default_image_id":0,"font":"","enabled":false},"version":2}},"categories":[2050],"tags":[],"class_list":["post-50257","post","type-post","status-publish","format-standard","has-post-thumbnail","hentry","category-economia"],"jetpack_publicize_connections":[],"jetpack_featured_media_url":"https:\/\/i0.wp.com\/politicosaldesnudo.com.mx\/wp-content\/uploads\/2024\/11\/6732b63e0de10.jpeg?fit=1280%2C720&ssl=1","jetpack-related-posts":[],"jetpack_sharing_enabled":true,"_links":{"self":[{"href":"https:\/\/politicosaldesnudo.com.mx\/index.php\/wp-json\/wp\/v2\/posts\/50257","targetHints":{"allow":["GET"]}}],"collection":[{"href":"https:\/\/politicosaldesnudo.com.mx\/index.php\/wp-json\/wp\/v2\/posts"}],"about":[{"href":"https:\/\/politicosaldesnudo.com.mx\/index.php\/wp-json\/wp\/v2\/types\/post"}],"author":[{"embeddable":true,"href":"https:\/\/politicosaldesnudo.com.mx\/index.php\/wp-json\/wp\/v2\/users\/4"}],"replies":[{"embeddable":true,"href":"https:\/\/politicosaldesnudo.com.mx\/index.php\/wp-json\/wp\/v2\/comments?post=50257"}],"version-history":[{"count":0,"href":"https:\/\/politicosaldesnudo.com.mx\/index.php\/wp-json\/wp\/v2\/posts\/50257\/revisions"}],"wp:featuredmedia":[{"embeddable":true,"href":"https:\/\/politicosaldesnudo.com.mx\/index.php\/wp-json\/wp\/v2\/media\/50258"}],"wp:attachment":[{"href":"https:\/\/politicosaldesnudo.com.mx\/index.php\/wp-json\/wp\/v2\/media?parent=50257"}],"wp:term":[{"taxonomy":"category","embeddable":true,"href":"https:\/\/politicosaldesnudo.com.mx\/index.php\/wp-json\/wp\/v2\/categories?post=50257"},{"taxonomy":"post_tag","embeddable":true,"href":"https:\/\/politicosaldesnudo.com.mx\/index.php\/wp-json\/wp\/v2\/tags?post=50257"}],"curies":[{"name":"wp","href":"https:\/\/api.w.org\/{rel}","templated":true}]}}