{"id":50299,"date":"2024-11-13T00:08:41","date_gmt":"2024-11-13T06:08:41","guid":{"rendered":"https:\/\/politicosaldesnudo.com.mx\/?p=50299"},"modified":"2024-11-12T17:43:10","modified_gmt":"2024-11-12T23:43:10","slug":"turismo-internacional-impulsa-movimiento-de-pasajeros-en-el-aeropuerto-internacional-de-queretaro","status":"publish","type":"post","link":"https:\/\/politicosaldesnudo.com.mx\/index.php\/2024\/11\/13\/turismo-internacional-impulsa-movimiento-de-pasajeros-en-el-aeropuerto-internacional-de-queretaro\/","title":{"rendered":"Turismo internacional impulsa movimiento de pasajeros en el Aeropuerto Internacional de Quer\u00e9taro"},"content":{"rendered":"<p><span style=\"font-size: 14pt;\">La afluencia de pasajeros internacionales registr\u00f3 un crecimiento de 64.1% en el\u00a0Aeropuerto Internacional de Quer\u00e9taro\u00a0(AIQ), tras avanzar de 303,962 usuarios entre enero y septiembre del 2023 a 498,942 viajeros internacionales en el mismo per\u00edodo del 2024, conforme a los registros de la Secretar\u00eda de Infraestructura, Comunicaciones y Transportes (SICT).<\/span><\/p>\n<p><span style=\"font-size: 14pt;\">El movimiento de pasajeros internacionales contribuy\u00f3 al incremento de dos d\u00edgitos que present\u00f3 el aeropuerto en el flujo total de viajeros, en comparaci\u00f3n con la variaci\u00f3n de un d\u00edgito que experimentaron los traslados nacionales.<\/span><\/p>\n<p><span style=\"font-size: 14pt;\">El aumento anual de 64.1% que present\u00f3 el movimiento de\u00a0pasajeros internacionales\u00a0en el per\u00edodo enero-septiembre del 2024, es superior a la variaci\u00f3n anual de 24.6% que registr\u00f3 ese segmento en el mismo tramo del 2023.<\/span><\/p>\n<p><span style=\"font-size: 14pt;\">Durante los primeros nueve meses del a\u00f1o en curso, el\u00a0AIQ\u00a0registr\u00f3 979,260 pasajeros nacionales, representando un avance de 1.9% en comparaci\u00f3n con los 961,433 viajeros dom\u00e9sticos del mismo tramo del 2023; en contraste, un a\u00f1o atr\u00e1s el crecimiento fue de 69.7 por ciento.<\/span><\/p>\n","protected":false},"excerpt":{"rendered":"<p>La afluencia de pasajeros internacionales registr\u00f3 un crecimiento de 64.1% en el\u00a0Aeropuerto Internacional de Quer\u00e9taro\u00a0(AIQ), tras avanzar de 303,962 usuarios<\/p>\n","protected":false},"author":4,"featured_media":50300,"comment_status":"closed","ping_status":"closed","sticky":false,"template":"","format":"standard","meta":{"colormag_page_container_layout":"default_layout","colormag_page_sidebar_layout":"default_layout","_jetpack_memberships_contains_paid_content":false,"footnotes":"","jetpack_publicize_message":"","jetpack_publicize_feature_enabled":true,"jetpack_social_post_already_shared":false,"jetpack_social_options":{"image_generator_settings":{"template":"highway","default_image_id":0,"font":"","enabled":false},"version":2}},"categories":[30],"tags":[],"class_list":["post-50299","post","type-post","status-publish","format-standard","has-post-thumbnail","hentry","category-estados"],"jetpack_publicize_connections":[],"jetpack_featured_media_url":"https:\/\/i0.wp.com\/politicosaldesnudo.com.mx\/wp-content\/uploads\/2024\/11\/66e49e97d0f7f.jpeg?fit=1280%2C720&ssl=1","jetpack-related-posts":[],"jetpack_sharing_enabled":true,"_links":{"self":[{"href":"https:\/\/politicosaldesnudo.com.mx\/index.php\/wp-json\/wp\/v2\/posts\/50299","targetHints":{"allow":["GET"]}}],"collection":[{"href":"https:\/\/politicosaldesnudo.com.mx\/index.php\/wp-json\/wp\/v2\/posts"}],"about":[{"href":"https:\/\/politicosaldesnudo.com.mx\/index.php\/wp-json\/wp\/v2\/types\/post"}],"author":[{"embeddable":true,"href":"https:\/\/politicosaldesnudo.com.mx\/index.php\/wp-json\/wp\/v2\/users\/4"}],"replies":[{"embeddable":true,"href":"https:\/\/politicosaldesnudo.com.mx\/index.php\/wp-json\/wp\/v2\/comments?post=50299"}],"version-history":[{"count":0,"href":"https:\/\/politicosaldesnudo.com.mx\/index.php\/wp-json\/wp\/v2\/posts\/50299\/revisions"}],"wp:featuredmedia":[{"embeddable":true,"href":"https:\/\/politicosaldesnudo.com.mx\/index.php\/wp-json\/wp\/v2\/media\/50300"}],"wp:attachment":[{"href":"https:\/\/politicosaldesnudo.com.mx\/index.php\/wp-json\/wp\/v2\/media?parent=50299"}],"wp:term":[{"taxonomy":"category","embeddable":true,"href":"https:\/\/politicosaldesnudo.com.mx\/index.php\/wp-json\/wp\/v2\/categories?post=50299"},{"taxonomy":"post_tag","embeddable":true,"href":"https:\/\/politicosaldesnudo.com.mx\/index.php\/wp-json\/wp\/v2\/tags?post=50299"}],"curies":[{"name":"wp","href":"https:\/\/api.w.org\/{rel}","templated":true}]}}