{"id":50305,"date":"2024-11-13T00:10:10","date_gmt":"2024-11-13T06:10:10","guid":{"rendered":"https:\/\/politicosaldesnudo.com.mx\/?p=50305"},"modified":"2024-11-12T17:46:29","modified_gmt":"2024-11-12T23:46:29","slug":"amazon-inaugura-su-segundo-centro-de-envio-en-la-zona-metropolitana-de-monterrey","status":"publish","type":"post","link":"https:\/\/politicosaldesnudo.com.mx\/index.php\/2024\/11\/13\/amazon-inaugura-su-segundo-centro-de-envio-en-la-zona-metropolitana-de-monterrey\/","title":{"rendered":"Amazon inaugura su segundo centro de env\u00edo en la Zona Metropolitana de Monterrey"},"content":{"rendered":"<p><span style=\"font-size: 14pt;\">Gracias al impulso que ha tenido el e-commerce,\u00a0Amazon M\u00e9xico\u00a0sigue expandi\u00e9ndose en Nuevo Le\u00f3n. Esta vez inaugur\u00f3 junto con el gobierno estatal un\u00a0centro de env\u00edos, ubicado en el parque Kronos en Apodaca. Es el segundo Centro de Env\u00edos en el estado y tiene como objetivo seguir ofreciendo una gran experiencia de compra a los clientes, mientras apoya a fortalecer la econom\u00eda local y fomentar el crecimiento de peque\u00f1as y medianas empresas (pymes), a trav\u00e9s del comercio electr\u00f3nico.<\/span><\/p>\n<p><span style=\"font-size: 14pt;\">El nuevo centro cuenta con una superficie de 35,860 metros cuadrados, equivalente a seis canchas de f\u00fatbol profesional, y puede almacenar m\u00e1s de 900,000 productos de distintos tama\u00f1os; incluye \u00e1reas dedicadas a productos de gran tama\u00f1o como colchones, bicicletas y kayaks, lo que brinda una mayor flexibilidad en el almacenamiento y manejo de mercanc\u00eda.<\/span><\/p>\n<p><span style=\"font-size: 14pt;\">El director general de Operaciones de Amazon M\u00e9xico, Diego M\u00e9ndez de la Luz, subray\u00f3 el compromiso de Amazon con la regi\u00f3n y su determinaci\u00f3n de ser un aliado clave para los emprendedores mexicanos.<\/span><\/p>\n<p><span style=\"font-size: 14pt;\">\u201cEstamos muy entusiasmados por esta inauguraci\u00f3n que refuerza nuestro compromiso con la creaci\u00f3n de nuevos empleos en Nuevo Le\u00f3n, donde queremos seguir contribuyendo con la econom\u00eda local y el desarrollo personal y profesional de nuestros empleados al ofrecer un espacio laboral con los m\u00e1s altos est\u00e1ndares de tecnolog\u00eda y calidad\u201d.<\/span><\/p>\n","protected":false},"excerpt":{"rendered":"<p>Gracias al impulso que ha tenido el e-commerce,\u00a0Amazon M\u00e9xico\u00a0sigue expandi\u00e9ndose en Nuevo Le\u00f3n. Esta vez inaugur\u00f3 junto con el gobierno<\/p>\n","protected":false},"author":4,"featured_media":50306,"comment_status":"closed","ping_status":"closed","sticky":false,"template":"","format":"standard","meta":{"colormag_page_container_layout":"default_layout","colormag_page_sidebar_layout":"default_layout","_jetpack_memberships_contains_paid_content":false,"footnotes":"","jetpack_publicize_message":"","jetpack_publicize_feature_enabled":true,"jetpack_social_post_already_shared":false,"jetpack_social_options":{"image_generator_settings":{"template":"highway","default_image_id":0,"font":"","enabled":false},"version":2}},"categories":[30],"tags":[],"class_list":["post-50305","post","type-post","status-publish","format-standard","has-post-thumbnail","hentry","category-estados"],"jetpack_publicize_connections":[],"jetpack_featured_media_url":"https:\/\/i0.wp.com\/politicosaldesnudo.com.mx\/wp-content\/uploads\/2024\/11\/6733cfe84c1ec.png?fit=1280%2C720&ssl=1","jetpack-related-posts":[],"jetpack_sharing_enabled":true,"_links":{"self":[{"href":"https:\/\/politicosaldesnudo.com.mx\/index.php\/wp-json\/wp\/v2\/posts\/50305","targetHints":{"allow":["GET"]}}],"collection":[{"href":"https:\/\/politicosaldesnudo.com.mx\/index.php\/wp-json\/wp\/v2\/posts"}],"about":[{"href":"https:\/\/politicosaldesnudo.com.mx\/index.php\/wp-json\/wp\/v2\/types\/post"}],"author":[{"embeddable":true,"href":"https:\/\/politicosaldesnudo.com.mx\/index.php\/wp-json\/wp\/v2\/users\/4"}],"replies":[{"embeddable":true,"href":"https:\/\/politicosaldesnudo.com.mx\/index.php\/wp-json\/wp\/v2\/comments?post=50305"}],"version-history":[{"count":0,"href":"https:\/\/politicosaldesnudo.com.mx\/index.php\/wp-json\/wp\/v2\/posts\/50305\/revisions"}],"wp:featuredmedia":[{"embeddable":true,"href":"https:\/\/politicosaldesnudo.com.mx\/index.php\/wp-json\/wp\/v2\/media\/50306"}],"wp:attachment":[{"href":"https:\/\/politicosaldesnudo.com.mx\/index.php\/wp-json\/wp\/v2\/media?parent=50305"}],"wp:term":[{"taxonomy":"category","embeddable":true,"href":"https:\/\/politicosaldesnudo.com.mx\/index.php\/wp-json\/wp\/v2\/categories?post=50305"},{"taxonomy":"post_tag","embeddable":true,"href":"https:\/\/politicosaldesnudo.com.mx\/index.php\/wp-json\/wp\/v2\/tags?post=50305"}],"curies":[{"name":"wp","href":"https:\/\/api.w.org\/{rel}","templated":true}]}}