{"id":5040,"date":"2022-05-09T18:51:38","date_gmt":"2022-05-09T23:51:38","guid":{"rendered":"https:\/\/politicosaldesnudo.com.mx\/?p=5040"},"modified":"2022-05-09T18:52:46","modified_gmt":"2022-05-09T23:52:46","slug":"el-turismo-en-el-bosque-de-niebla","status":"publish","type":"post","link":"https:\/\/politicosaldesnudo.com.mx\/index.php\/2022\/05\/09\/el-turismo-en-el-bosque-de-niebla\/","title":{"rendered":"El turismo en el bosque de Niebla"},"content":{"rendered":"<p>&nbsp;<\/p>\n<p class=\"p1\"><strong><span style=\"font-size: 18pt;\">&lt;&lt;Inauguran un hotel en San Andr\u00e9s Tlalnelhuayocan&gt;&gt;<\/span><\/strong><\/p>\n<p class=\"p1\"><strong><span style=\"font-size: 18pt;\">&lt;&lt;En dos a\u00f1os se han plantado m\u00e1s de 30 mil \u00e1rboles de la zona&gt;&gt;<\/span><\/strong><\/p>\n<p class=\"p1\"><strong><span style=\"font-size: 18pt;\">&lt;&lt;Atrae al turismo internacional que busca estar en la naturaleza&gt;&gt;<\/span><\/strong><\/p>\n<p>&nbsp;<\/p>\n<p>&nbsp;<\/p>\n<p class=\"p1\"><strong><span style=\"font-size: 18pt;\">Por Miguel Angel Cristiani Gonzalez<\/span><\/strong><\/p>\n<p class=\"p1\"><span style=\"font-size: 14pt;\">Estuvimos este fin de semana en la inauguraci\u00f3n del Hotel Boutique Finca La Niebla, que es un nuevo proyecto tur\u00edstico en la regi\u00f3n de Xalapa, Coatepec y Tlalnelhuayocan, del empresario hotelero y restaurantero Adolfo Contreras y su esposa Xochitl Guzm\u00e1n que ofrece lo que es un parque tem\u00e1tico con la naturaleza, que es lo que atrae a los visitantes de Estados Unidos, Canad\u00e1 y Europa.<\/span><\/p>\n<p class=\"p1\"><span style=\"font-size: 14pt;\">El empresario Adolfo Contreras y su esposa Xochitl Guzm\u00e1n tienen ya basta experiencia en el ramo, pues son propietarios tambi\u00e9n del Hotel Carrizal -el de las aguas termales- y el restaurante grill Quinta Pico de Gallo en Xalapa.<\/span><\/p>\n<p class=\"p1\"><span style=\"font-size: 14pt;\">M\u00e1s que una tradicional ceremonia de inauguraci\u00f3n, se trat\u00f3 de una agradable velada gastron\u00f3mica y musical de lujo -con el grupo internacional veracruzano Recobeco- en la que los anfitriones se encargaron de atender y brindar hasta el m\u00e1s m\u00ednimo detalle a todos los m\u00e1s de cien invitados al evento.<\/span><\/p>\n<p class=\"p1\"><span style=\"font-size: 14pt;\">Al hotel boutique finca La niebla, se puede llegar lo mismo que por un camino de terracer\u00eda entrando por la carretera antigua a Coatepec por Briones siguiendo por un famoso colegio particular, o por Coapexpan adelante del club h\u00edpico, derecho hasta el fondo.<\/span><\/p>\n<p class=\"p1\"><span style=\"font-size: 14pt;\">Se trata de un concepto tur\u00edstico que tiene gran aceptaci\u00f3n y es buscado por los visitantes que gustan de disfrutar de la naturaleza, sus verdes paisajes y flores.<\/span><\/p>\n<p class=\"p1\"><span style=\"font-size: 14pt;\">Nuestros amables anfitriones, Adolfo Contreras y su esposa Xochitl Guzm\u00e1n nos explican durante un recorrido por las instalaciones que \u201cSomos un hotel con parque tem\u00e1tico, sustentable e incluyente. Con recuperaci\u00f3n de bosque de niebla. Contamos con 38 hect\u00e1reas que estamos reforestando. Nuestro objetivo es que florezca nuevamente el bosque. En dos a\u00f1os hemos plantado m\u00e1s de 30 mil \u00e1rboles de la zona, como encino, liquidambar, roble, chalahuite, jinicuil, chinini (aguacate nativo, que se puede encontrar desde M\u00e9xico hasta Panam\u00e1).<\/span><\/p>\n<p class=\"p1\"><span style=\"font-size: 14pt;\">Nos encontramos en el bosque mes\u00f3filo de monta\u00f1a o bosque de niebla. En estas monta\u00f1as se condensa la neblina, dando una sensaci\u00f3n de caminar entre nubes. Existe una gran cantidad de l\u00edquenes, musgos, bromelias y orqu\u00eddeas, as\u00ed como hongos, helechos arborescentes y una gran diversidad de fauna.<\/span><\/p>\n<p class=\"p1\"><span style=\"font-size: 14pt;\">Contamos con producci\u00f3n de caf\u00e9 org\u00e1nico. Aqu\u00ed conocer\u00e1s las plantas de caf\u00e9, las variedades antiguas que hemos conservado y que producen una excelente calidad. Damos prioridad a la calidad, no a la cantidad.<\/span><\/p>\n<p class=\"p1\"><span style=\"font-size: 14pt;\">El esplendor de la naturaleza tambi\u00e9n se manifiesta en los frutales de la finca para auto consumo del hotel.<\/span><\/p>\n<p class=\"p1\"><span style=\"font-size: 14pt;\">En Finca La Niebla te puedes olvidar de tu vida cotidiana y conectarte con tu origen. Est\u00e1 comprobado que caminar en el bosque sana tu cuerpo y tu mente. Podr\u00e1s cerrar los ojos y enlazar tus sentidos a los sonidos, los olores y las vivencias sensoriales que solo se lograr\u00e1n en equilibrio con la naturaleza.<\/span><\/p>\n<p class=\"p1\"><span style=\"font-size: 14pt;\">Nada m\u00e1s reconfortante que hospedarte en un hotel boutique de monta\u00f1a. Contamos con 20 habitaciones, y 4 suites, restaurante, sal\u00f3n para eventos, senderos interpretativos de orqu\u00eddeas y en temporada, sendero de mariposas, paseos en caballo, etc.<\/span><\/p>\n<p class=\"p1\"><span style=\"font-size: 14pt;\">El corte del list\u00f3n inaugural -para la foto del recuerdo- estuvo a cargo de Adolfo Contreras y su esposa Xochitl Guzm\u00e1n y el secretario de turismo estatal, Iv\u00e1n Mart\u00ednez Contreras.<\/span><\/p>\n<p class=\"p1\"><span style=\"font-size: 14pt;\">Por ah\u00ed tambi\u00e9n saludamos a la presidente de San Andr\u00e9s Tlalnelhuayocan Fanny Alejandra Mu\u00f1oz Alonso acompa\u00f1ada de la secretaria de Trabajo estatal, Dorheny Garc\u00eda Cayetano; el doctor en Derecho Francisco Berl\u00edn Valenzuela y\u00a0\u00a0Presidente del Instituto Nacional de Derecho Electoral y Estudios Pol\u00edticos, A.C. Ex secretario de gobierno estatal;\u00a0\u00a0Octavio Ru\u00edz Mart\u00ednez, Presidente de la Barra de Abogados de Xalapa y Director de la Revista \u201cJurista\u201d\u00a0tambi\u00e9n estuvo el ex rector de la Universidad Veracruzana y alcalde de Xalapa, Rafael Hern\u00e1ndez Villalpando y el presidente del Consejo de Turismo, Cultura y Deporte de Veracruz, Mauricio Cuevas Gayosso, entre otros muchos m\u00e1s, periodistas y prestadores de servicios tur\u00edsticos.<\/span><\/p>\n<p class=\"p1\"><span style=\"font-size: 14pt;\">El gran ausente -pero que tampoco se le extra\u00f1\u00f3- fue el alcalde de Coatepec, Raymundo Hern\u00e1ndez.<\/span><\/p>\n<p>&nbsp;<\/p>\n<p>&nbsp;<\/p>\n<p class=\"p1\"><span style=\"font-size: 18pt;\"><strong>Cont\u00e1ctanos en nuestras redes sociales:<\/strong><\/span><\/p>\n<p class=\"p1\"><span style=\"font-size: 18pt;\"><strong><a href=\"https:\/\/www.canva.com\/design\/DAEN5B9DWgs\/ZCHd2Z8KueYjlg_d59Op3A\/view\">https:\/\/www.canva.com\/design\/DAEN5B9DWgs\/ZCHd2Z8KueYjlg_d59Op3A\/view<\/a><\/strong><\/span><\/p>\n<p>&nbsp;<\/p>\n<p>&nbsp;<\/p>\n<p>&nbsp;<\/p>\n<p>&nbsp;<\/p>\n<p class=\"p1\">\n","protected":false},"excerpt":{"rendered":"<p>&nbsp; &lt;&lt;Inauguran un hotel en San Andr\u00e9s Tlalnelhuayocan&gt;&gt; &lt;&lt;En dos a\u00f1os se han plantado m\u00e1s de 30 mil \u00e1rboles de<\/p>\n","protected":false},"author":4,"featured_media":3789,"comment_status":"closed","ping_status":"closed","sticky":false,"template":"","format":"standard","meta":{"colormag_page_container_layout":"default_layout","colormag_page_sidebar_layout":"default_layout","_jetpack_memberships_contains_paid_content":false,"footnotes":"","jetpack_publicize_message":"","jetpack_publicize_feature_enabled":true,"jetpack_social_post_already_shared":true,"jetpack_social_options":{"image_generator_settings":{"template":"highway","default_image_id":0,"font":"","enabled":false},"version":2}},"categories":[26],"tags":[],"class_list":["post-5040","post","type-post","status-publish","format-standard","has-post-thumbnail","hentry","category-columnistas"],"jetpack_publicize_connections":[],"jetpack_featured_media_url":"https:\/\/i0.wp.com\/politicosaldesnudo.com.mx\/wp-content\/uploads\/2022\/04\/CRISTIANI.png?fit=1816%2C1016&ssl=1","jetpack-related-posts":[],"jetpack_sharing_enabled":true,"_links":{"self":[{"href":"https:\/\/politicosaldesnudo.com.mx\/index.php\/wp-json\/wp\/v2\/posts\/5040","targetHints":{"allow":["GET"]}}],"collection":[{"href":"https:\/\/politicosaldesnudo.com.mx\/index.php\/wp-json\/wp\/v2\/posts"}],"about":[{"href":"https:\/\/politicosaldesnudo.com.mx\/index.php\/wp-json\/wp\/v2\/types\/post"}],"author":[{"embeddable":true,"href":"https:\/\/politicosaldesnudo.com.mx\/index.php\/wp-json\/wp\/v2\/users\/4"}],"replies":[{"embeddable":true,"href":"https:\/\/politicosaldesnudo.com.mx\/index.php\/wp-json\/wp\/v2\/comments?post=5040"}],"version-history":[{"count":0,"href":"https:\/\/politicosaldesnudo.com.mx\/index.php\/wp-json\/wp\/v2\/posts\/5040\/revisions"}],"wp:featuredmedia":[{"embeddable":true,"href":"https:\/\/politicosaldesnudo.com.mx\/index.php\/wp-json\/wp\/v2\/media\/3789"}],"wp:attachment":[{"href":"https:\/\/politicosaldesnudo.com.mx\/index.php\/wp-json\/wp\/v2\/media?parent=5040"}],"wp:term":[{"taxonomy":"category","embeddable":true,"href":"https:\/\/politicosaldesnudo.com.mx\/index.php\/wp-json\/wp\/v2\/categories?post=5040"},{"taxonomy":"post_tag","embeddable":true,"href":"https:\/\/politicosaldesnudo.com.mx\/index.php\/wp-json\/wp\/v2\/tags?post=5040"}],"curies":[{"name":"wp","href":"https:\/\/api.w.org\/{rel}","templated":true}]}}