{"id":50428,"date":"2024-11-16T00:00:47","date_gmt":"2024-11-16T06:00:47","guid":{"rendered":"https:\/\/politicosaldesnudo.com.mx\/?p=50428"},"modified":"2024-11-15T20:21:01","modified_gmt":"2024-11-16T02:21:01","slug":"habra-otro-registro-masivo-para-liconsa","status":"publish","type":"post","link":"https:\/\/politicosaldesnudo.com.mx\/index.php\/2024\/11\/16\/habra-otro-registro-masivo-para-liconsa\/","title":{"rendered":"Habr\u00e1 otro registro masivo para Liconsa"},"content":{"rendered":"<p><span style=\"font-size: 14pt;\">El gobierno municipal de Tuxpan, en colaboraci\u00f3n con Liconsa, ha anunciado la realizaci\u00f3n de un nuevo registro masivo para que m\u00e1s familias tuxpe\u00f1as puedan acceder a los beneficios del programa de leche y productos a bajo costo.<\/span><\/p>\n<p><span style=\"font-size: 14pt;\">Este nuevo registro permitir\u00e1 que un mayor n\u00famero de ni\u00f1os, adultos mayores y familias en situaci\u00f3n vulnerable puedan contar con una alimentaci\u00f3n nutritiva y de calidad, inform\u00f3 el coordinador de este programa y director de Desarrollo Social Jes\u00fas Carballo.<\/span><\/p>\n<p><span style=\"font-size: 14pt;\">El entrevistado dijo que los requisitos y el proceso de inscripci\u00f3n se dar\u00e1n a conocer pr\u00f3ximamente a trav\u00e9s de los canales oficiales del ayuntamiento y de Liconsa, despu\u00e9s del 18 de noviembre y mientras tanto, destac\u00f3 la importancia de este programa para garantizar el bienestar de las familias tuxpe\u00f1as, especialmente en estos tiempos.<\/span><\/p>\n<p><span style=\"font-size: 14pt;\">\u00abCon este nuevo registro, reafirmamos nuestro compromiso de trabajar en conjunto para mejorar la calidad de vida de nuestra comunidad, esperamos poder censar a m\u00e1s de 400 personas este a\u00f1o, de las cuales, en el registro anterior, se anotaron 150 familias, las cuales ya est\u00e1n recibiendo el beneficio\u00bb, afirm\u00f3.<\/span><\/p>\n<p><span style=\"font-size: 14pt;\">Invit\u00f3 a toda la poblaci\u00f3n a estar pendiente de las convocatorias y a participar en este importante proceso y para m\u00e1s informaci\u00f3n, les recomienda acudir a las oficinas de Desarrollo Social del Ayuntamiento de Tuxpan o consultar las redes sociales oficiales de Liconsa.<\/span><\/p>\n","protected":false},"excerpt":{"rendered":"<p>El gobierno municipal de Tuxpan, en colaboraci\u00f3n con Liconsa, ha anunciado la realizaci\u00f3n de un nuevo registro masivo para que<\/p>\n","protected":false},"author":4,"featured_media":50429,"comment_status":"closed","ping_status":"closed","sticky":false,"template":"","format":"standard","meta":{"colormag_page_container_layout":"default_layout","colormag_page_sidebar_layout":"default_layout","_jetpack_memberships_contains_paid_content":false,"footnotes":"","jetpack_publicize_message":"","jetpack_publicize_feature_enabled":true,"jetpack_social_post_already_shared":false,"jetpack_social_options":{"image_generator_settings":{"template":"highway","default_image_id":0,"font":"","enabled":false},"version":2}},"categories":[1082],"tags":[],"class_list":["post-50428","post","type-post","status-publish","format-standard","has-post-thumbnail","hentry","category-tuxpan"],"jetpack_publicize_connections":[],"jetpack_featured_media_url":"https:\/\/i0.wp.com\/politicosaldesnudo.com.mx\/wp-content\/uploads\/2024\/11\/4b-5.jpg?fit=1200%2C540&ssl=1","jetpack-related-posts":[],"jetpack_sharing_enabled":true,"_links":{"self":[{"href":"https:\/\/politicosaldesnudo.com.mx\/index.php\/wp-json\/wp\/v2\/posts\/50428","targetHints":{"allow":["GET"]}}],"collection":[{"href":"https:\/\/politicosaldesnudo.com.mx\/index.php\/wp-json\/wp\/v2\/posts"}],"about":[{"href":"https:\/\/politicosaldesnudo.com.mx\/index.php\/wp-json\/wp\/v2\/types\/post"}],"author":[{"embeddable":true,"href":"https:\/\/politicosaldesnudo.com.mx\/index.php\/wp-json\/wp\/v2\/users\/4"}],"replies":[{"embeddable":true,"href":"https:\/\/politicosaldesnudo.com.mx\/index.php\/wp-json\/wp\/v2\/comments?post=50428"}],"version-history":[{"count":0,"href":"https:\/\/politicosaldesnudo.com.mx\/index.php\/wp-json\/wp\/v2\/posts\/50428\/revisions"}],"wp:featuredmedia":[{"embeddable":true,"href":"https:\/\/politicosaldesnudo.com.mx\/index.php\/wp-json\/wp\/v2\/media\/50429"}],"wp:attachment":[{"href":"https:\/\/politicosaldesnudo.com.mx\/index.php\/wp-json\/wp\/v2\/media?parent=50428"}],"wp:term":[{"taxonomy":"category","embeddable":true,"href":"https:\/\/politicosaldesnudo.com.mx\/index.php\/wp-json\/wp\/v2\/categories?post=50428"},{"taxonomy":"post_tag","embeddable":true,"href":"https:\/\/politicosaldesnudo.com.mx\/index.php\/wp-json\/wp\/v2\/tags?post=50428"}],"curies":[{"name":"wp","href":"https:\/\/api.w.org\/{rel}","templated":true}]}}