{"id":50431,"date":"2024-11-16T00:01:15","date_gmt":"2024-11-16T06:01:15","guid":{"rendered":"https:\/\/politicosaldesnudo.com.mx\/?p=50431"},"modified":"2024-11-15T20:22:20","modified_gmt":"2024-11-16T02:22:20","slug":"derechohabientes-esperan-mejoras-en-el-issste","status":"publish","type":"post","link":"https:\/\/politicosaldesnudo.com.mx\/index.php\/2024\/11\/16\/derechohabientes-esperan-mejoras-en-el-issste\/","title":{"rendered":"Derechohabientes esperan mejoras en el ISSSTE"},"content":{"rendered":"<p><span style=\"font-size: 14pt;\">El reciente nombramiento como Tesorero General del ISSSTE a nivel nacional, del Tuxpe\u00f1o\u00a0Marco Medina, ex Diputado Federal por Tuxpan, y qui\u00e9n fuera cofundador de MORENA con el expresidente Andr\u00e9s Manuel L\u00f3pez Obrador, llena de esperanzas a todos los derechohabientes de esta instituci\u00f3n, que esperan recursos para modernizar la cl\u00ednica-hospital de esta ciudad, que brinda atenci\u00f3n m\u00e9dica a varios municipios del norte del estado.<\/span><\/p>\n<p><span style=\"font-size: 14pt;\">Marco Medina, fue designado por el director general del ISSSTE, Mart\u00ed Batres, como Tesorero General del Instituto de Seguridad y Servicios Sociales de los Trabajadores del Estado, generado gran expectativa entre los millones de derechohabientes de esta instituci\u00f3n.<\/span><\/p>\n<p><span style=\"font-size: 14pt;\">La comunidad Tuxpe\u00f1a, espera que este cambio de liderazgo se traduzca en mejoras significativas en la calidad y eficiencia de los servicios de salud y prestaciones que ofrece el ISSSTE, puesto que llega a esta posici\u00f3n en un momento en el que los derechohabientes han manifestado su preocupaci\u00f3n por problemas espec\u00edficos que aquejan a los derechohabientes, como largas filas de espera, escasez de medicamentos, falta de m\u00e9dicos, modernizaci\u00f3n de ambulancias, cancelaci\u00f3n de citas con especialistas, entre otros.<\/span><\/p>\n<p><span style=\"font-size: 14pt;\">Ante este panorama, las expectativas son altas en cuanto a la capacidad del nuevo titular para atender estas demandas y brindar soluciones efectivas, puesto que afirman que urge mejorar la atenci\u00f3n m\u00e9dica, agilizar los tr\u00e1mites, garantizar el abasto de medicamentos, as\u00ed como trabajar de manera coordinada con los sindicatos y los trabajadores del ISSSTE para lograr estos objetivos.<\/span><\/p>\n<p><span style=\"font-size: 14pt;\">En los pr\u00f3ximos meses, se espera que el ISSSTE Tuxpan presente un plan de trabajo detallado con las acciones concretas que se implementar\u00e1n para mejorar los servicios que ofrece, pero sobre todo los ciudadanos esperan respuestas y mejor atenci\u00f3n.<\/span><\/p>\n","protected":false},"excerpt":{"rendered":"<p>El reciente nombramiento como Tesorero General del ISSSTE a nivel nacional, del Tuxpe\u00f1o\u00a0Marco Medina, ex Diputado Federal por Tuxpan, y<\/p>\n","protected":false},"author":4,"featured_media":50432,"comment_status":"closed","ping_status":"closed","sticky":false,"template":"","format":"standard","meta":{"colormag_page_container_layout":"default_layout","colormag_page_sidebar_layout":"default_layout","_jetpack_memberships_contains_paid_content":false,"footnotes":"","jetpack_publicize_message":"","jetpack_publicize_feature_enabled":true,"jetpack_social_post_already_shared":false,"jetpack_social_options":{"image_generator_settings":{"template":"highway","default_image_id":0,"font":"","enabled":false},"version":2}},"categories":[1082],"tags":[],"class_list":["post-50431","post","type-post","status-publish","format-standard","has-post-thumbnail","hentry","category-tuxpan"],"jetpack_publicize_connections":[],"jetpack_featured_media_url":"https:\/\/i0.wp.com\/politicosaldesnudo.com.mx\/wp-content\/uploads\/2024\/11\/4c1-1.jpg?fit=1200%2C544&ssl=1","jetpack-related-posts":[],"jetpack_sharing_enabled":true,"_links":{"self":[{"href":"https:\/\/politicosaldesnudo.com.mx\/index.php\/wp-json\/wp\/v2\/posts\/50431","targetHints":{"allow":["GET"]}}],"collection":[{"href":"https:\/\/politicosaldesnudo.com.mx\/index.php\/wp-json\/wp\/v2\/posts"}],"about":[{"href":"https:\/\/politicosaldesnudo.com.mx\/index.php\/wp-json\/wp\/v2\/types\/post"}],"author":[{"embeddable":true,"href":"https:\/\/politicosaldesnudo.com.mx\/index.php\/wp-json\/wp\/v2\/users\/4"}],"replies":[{"embeddable":true,"href":"https:\/\/politicosaldesnudo.com.mx\/index.php\/wp-json\/wp\/v2\/comments?post=50431"}],"version-history":[{"count":0,"href":"https:\/\/politicosaldesnudo.com.mx\/index.php\/wp-json\/wp\/v2\/posts\/50431\/revisions"}],"wp:featuredmedia":[{"embeddable":true,"href":"https:\/\/politicosaldesnudo.com.mx\/index.php\/wp-json\/wp\/v2\/media\/50432"}],"wp:attachment":[{"href":"https:\/\/politicosaldesnudo.com.mx\/index.php\/wp-json\/wp\/v2\/media?parent=50431"}],"wp:term":[{"taxonomy":"category","embeddable":true,"href":"https:\/\/politicosaldesnudo.com.mx\/index.php\/wp-json\/wp\/v2\/categories?post=50431"},{"taxonomy":"post_tag","embeddable":true,"href":"https:\/\/politicosaldesnudo.com.mx\/index.php\/wp-json\/wp\/v2\/tags?post=50431"}],"curies":[{"name":"wp","href":"https:\/\/api.w.org\/{rel}","templated":true}]}}