{"id":50434,"date":"2024-11-16T00:02:30","date_gmt":"2024-11-16T06:02:30","guid":{"rendered":"https:\/\/politicosaldesnudo.com.mx\/?p=50434"},"modified":"2024-11-15T20:24:03","modified_gmt":"2024-11-16T02:24:03","slug":"sanearan-las-playas-y-el-mar","status":"publish","type":"post","link":"https:\/\/politicosaldesnudo.com.mx\/index.php\/2024\/11\/16\/sanearan-las-playas-y-el-mar\/","title":{"rendered":"Sanear\u00e1n las playas y el mar"},"content":{"rendered":"<p><span style=\"font-size: 14pt;\">Coatzacoalcos<\/span><\/p>\n<p><span style=\"font-size: 14pt;\">Para el 2025 se tiene contemplado iniciar la tercera etapa de la planta de tratamiento de aguas residuales de Coatzacoalcos.<\/span><\/p>\n<p><span style=\"font-size: 14pt;\">La directora de la Comisi\u00f3n Municipal de Agua y Saneamiento (CMAS) Hildeliza D\u00edaz Calafell, explic\u00f3 que se tiene contemplado incluir otras zonas del puerto y con ello sanear de aguas de drenaje las playas y el mar.<\/span><\/p>\n<p><span style=\"font-size: 14pt;\">\u201cVamos a continuar con la tercera etapa de la planta de tratamiento, esperamos que ya con esto sea posible ponerla a operar al 100 por ciento, se est\u00e1n tambi\u00e9n trabajando en integrar proyectos con municipios y gobierno del estado para integrar algunas zonas y poder conectar los c\u00e1rcamos que tenemos en algunos puntos de la ciudad, la intenci\u00f3n es conectar los c\u00e1rcamos de Santa Rosa, Popular Morelos, c\u00e1rcamos del Tesoro, que est\u00e1n operando pero que a\u00fan no generaran su direcci\u00f3n hacia la planta de tratamientos, esperamos que para el 2025, ya podamos recibir aguas negras desde el Tesoro, a Santa Isabel y liberar una gran zona de playa de aguas residuales\u201d, indic\u00f3.<\/span><\/p>\n<p><span style=\"font-size: 14pt;\">Record\u00f3 que dentro del plan tambi\u00e9n se incluye la rehabilitaci\u00f3n del c\u00e1rcamo de aguas residuales de Villa Allende, aunque tambi\u00e9n se buscar\u00e1 integrar el de Cd. Olmeca, todo esto a trav\u00e9s del Programa General de Inversi\u00f3n (PGI) 2025.<\/span><\/p>\n<p><span style=\"font-size: 14pt;\">\u201cPor otra parte se est\u00e1 trabajando en el programa general de inversi\u00f3n para integrar la planta de tratamientos de Ciudad Olmeca, as\u00ed como en Villa Allende, para que se integren sus c\u00e1rcamos, estamos en esta parte con CFE y conocer la condici\u00f3n que tiene las instalaciones el\u00e9ctricas porque estamos esperando que inicie su habilitaci\u00f3n\u201d, coment\u00f3.<\/span><\/p>\n<p><span style=\"font-size: 14pt;\">En este momento los c\u00e1rcamos que est\u00e1n funcionando evitan que salgan aguas residuales al mar desde la zona de las escolleras<\/span><\/p>\n","protected":false},"excerpt":{"rendered":"<p>Coatzacoalcos Para el 2025 se tiene contemplado iniciar la tercera etapa de la planta de tratamiento de aguas residuales de<\/p>\n","protected":false},"author":4,"featured_media":50435,"comment_status":"closed","ping_status":"closed","sticky":false,"template":"","format":"standard","meta":{"colormag_page_container_layout":"default_layout","colormag_page_sidebar_layout":"default_layout","_jetpack_memberships_contains_paid_content":false,"footnotes":"","jetpack_publicize_message":"","jetpack_publicize_feature_enabled":true,"jetpack_social_post_already_shared":false,"jetpack_social_options":{"image_generator_settings":{"template":"highway","default_image_id":0,"font":"","enabled":false},"version":2}},"categories":[1082],"tags":[],"class_list":["post-50434","post","type-post","status-publish","format-standard","has-post-thumbnail","hentry","category-tuxpan"],"jetpack_publicize_connections":[],"jetpack_featured_media_url":"https:\/\/i0.wp.com\/politicosaldesnudo.com.mx\/wp-content\/uploads\/2024\/11\/10b.jpg?fit=1200%2C900&ssl=1","jetpack-related-posts":[],"jetpack_sharing_enabled":true,"_links":{"self":[{"href":"https:\/\/politicosaldesnudo.com.mx\/index.php\/wp-json\/wp\/v2\/posts\/50434","targetHints":{"allow":["GET"]}}],"collection":[{"href":"https:\/\/politicosaldesnudo.com.mx\/index.php\/wp-json\/wp\/v2\/posts"}],"about":[{"href":"https:\/\/politicosaldesnudo.com.mx\/index.php\/wp-json\/wp\/v2\/types\/post"}],"author":[{"embeddable":true,"href":"https:\/\/politicosaldesnudo.com.mx\/index.php\/wp-json\/wp\/v2\/users\/4"}],"replies":[{"embeddable":true,"href":"https:\/\/politicosaldesnudo.com.mx\/index.php\/wp-json\/wp\/v2\/comments?post=50434"}],"version-history":[{"count":0,"href":"https:\/\/politicosaldesnudo.com.mx\/index.php\/wp-json\/wp\/v2\/posts\/50434\/revisions"}],"wp:featuredmedia":[{"embeddable":true,"href":"https:\/\/politicosaldesnudo.com.mx\/index.php\/wp-json\/wp\/v2\/media\/50435"}],"wp:attachment":[{"href":"https:\/\/politicosaldesnudo.com.mx\/index.php\/wp-json\/wp\/v2\/media?parent=50434"}],"wp:term":[{"taxonomy":"category","embeddable":true,"href":"https:\/\/politicosaldesnudo.com.mx\/index.php\/wp-json\/wp\/v2\/categories?post=50434"},{"taxonomy":"post_tag","embeddable":true,"href":"https:\/\/politicosaldesnudo.com.mx\/index.php\/wp-json\/wp\/v2\/tags?post=50434"}],"curies":[{"name":"wp","href":"https:\/\/api.w.org\/{rel}","templated":true}]}}