{"id":50460,"date":"2024-11-16T00:10:51","date_gmt":"2024-11-16T06:10:51","guid":{"rendered":"https:\/\/politicosaldesnudo.com.mx\/?p=50460"},"modified":"2024-11-15T21:34:14","modified_gmt":"2024-11-16T03:34:14","slug":"gobierno-de-sheinbaum-solicito-al-congreso-un-techo-de-endeudamiento-por-1-5-billones-de-pesos","status":"publish","type":"post","link":"https:\/\/politicosaldesnudo.com.mx\/index.php\/2024\/11\/16\/gobierno-de-sheinbaum-solicito-al-congreso-un-techo-de-endeudamiento-por-1-5-billones-de-pesos\/","title":{"rendered":"Gobierno de Sheinbaum solicit\u00f3 al Congreso un techo de endeudamiento por 1.5 billones de pesos"},"content":{"rendered":"<p><span style=\"font-size: 14pt;\">Para su primer a\u00f1o de gobierno,\u00a0Claudia Sheinbaum\u00a0solicit\u00f3 al Congreso de la Uni\u00f3n\u00a0un\u00a0techo de endeudamiento de 1.5 billones de pesos, de acuerdo con la Iniciativa de Ley de Ingresos de la Federaci\u00f3n (ILIF) contenida en el Paquete Econ\u00f3mico 2025, entregado este viernes por la Secretar\u00eda de Hacienda y Cr\u00e9dito P\u00fablico (SHCP).\u00a0\u00a0<\/span><\/p>\n<p><span style=\"font-size: 14pt;\">El techo de endeudamiento solicitado para el 2025 ser\u00e1 menor al que se solicit\u00f3 durante el \u00faltimo a\u00f1o de gobierno de\u00a0Andr\u00e9s Manuel L\u00f3pez Obrador, de casi 2 billones de pesos\u00a0con el argumento de terminar las obras prioritarias y, as\u00ed, no heredar este tipo de presiones a la nueva administraci\u00f3n.<\/span><\/p>\n<p><span style=\"font-size: 14pt;\">El\u00a0Paquete Econ\u00f3mico propone ingresos p\u00fablicos por 8.05 billones de pesos, un crecimiento de 5.4% respecto a lo aprobado para este a\u00f1o, mientras que por el lado del gasto se prev\u00e9 que se ejerzan recursos por 9.22 billones de pesos, 1.9% menos que lo que se autoriz\u00f3 para este 2024.<\/span><\/p>\n<p><span style=\"font-size: 14pt;\">De esta manera, el gobierno prev\u00e9 lograr una consolidaci\u00f3n fiscal para reducir el d\u00e9ficit fiscal de 5.9% del PIB que se prev\u00e9 para este a\u00f1o, a 3.9% en el 2025.<\/span><\/p>\n","protected":false},"excerpt":{"rendered":"<p>Para su primer a\u00f1o de gobierno,\u00a0Claudia Sheinbaum\u00a0solicit\u00f3 al Congreso de la Uni\u00f3n\u00a0un\u00a0techo de endeudamiento de 1.5 billones de pesos, de<\/p>\n","protected":false},"author":4,"featured_media":50461,"comment_status":"closed","ping_status":"closed","sticky":false,"template":"","format":"standard","meta":{"colormag_page_container_layout":"default_layout","colormag_page_sidebar_layout":"default_layout","_jetpack_memberships_contains_paid_content":false,"footnotes":"","jetpack_publicize_message":"","jetpack_publicize_feature_enabled":true,"jetpack_social_post_already_shared":false,"jetpack_social_options":{"image_generator_settings":{"template":"highway","default_image_id":0,"font":"","enabled":false},"version":2}},"categories":[2050],"tags":[],"class_list":["post-50460","post","type-post","status-publish","format-standard","has-post-thumbnail","hentry","category-economia"],"jetpack_publicize_connections":[],"jetpack_featured_media_url":"https:\/\/i0.wp.com\/politicosaldesnudo.com.mx\/wp-content\/uploads\/2024\/11\/66e898a9e8de7.jpeg?fit=1200%2C675&ssl=1","jetpack-related-posts":[],"jetpack_sharing_enabled":true,"_links":{"self":[{"href":"https:\/\/politicosaldesnudo.com.mx\/index.php\/wp-json\/wp\/v2\/posts\/50460","targetHints":{"allow":["GET"]}}],"collection":[{"href":"https:\/\/politicosaldesnudo.com.mx\/index.php\/wp-json\/wp\/v2\/posts"}],"about":[{"href":"https:\/\/politicosaldesnudo.com.mx\/index.php\/wp-json\/wp\/v2\/types\/post"}],"author":[{"embeddable":true,"href":"https:\/\/politicosaldesnudo.com.mx\/index.php\/wp-json\/wp\/v2\/users\/4"}],"replies":[{"embeddable":true,"href":"https:\/\/politicosaldesnudo.com.mx\/index.php\/wp-json\/wp\/v2\/comments?post=50460"}],"version-history":[{"count":0,"href":"https:\/\/politicosaldesnudo.com.mx\/index.php\/wp-json\/wp\/v2\/posts\/50460\/revisions"}],"wp:featuredmedia":[{"embeddable":true,"href":"https:\/\/politicosaldesnudo.com.mx\/index.php\/wp-json\/wp\/v2\/media\/50461"}],"wp:attachment":[{"href":"https:\/\/politicosaldesnudo.com.mx\/index.php\/wp-json\/wp\/v2\/media?parent=50460"}],"wp:term":[{"taxonomy":"category","embeddable":true,"href":"https:\/\/politicosaldesnudo.com.mx\/index.php\/wp-json\/wp\/v2\/categories?post=50460"},{"taxonomy":"post_tag","embeddable":true,"href":"https:\/\/politicosaldesnudo.com.mx\/index.php\/wp-json\/wp\/v2\/tags?post=50460"}],"curies":[{"name":"wp","href":"https:\/\/api.w.org\/{rel}","templated":true}]}}