{"id":50464,"date":"2024-11-16T00:11:28","date_gmt":"2024-11-16T06:11:28","guid":{"rendered":"https:\/\/politicosaldesnudo.com.mx\/?p=50464"},"modified":"2024-11-15T21:42:05","modified_gmt":"2024-11-16T03:42:05","slug":"deportaciones-de-mexicanos-desde-eu-alcanzan-su-mayor-cifra-en-10-anos","status":"publish","type":"post","link":"https:\/\/politicosaldesnudo.com.mx\/index.php\/2024\/11\/16\/deportaciones-de-mexicanos-desde-eu-alcanzan-su-mayor-cifra-en-10-anos\/","title":{"rendered":"Deportaciones de mexicanos desde EU alcanzan su mayor cifra en 10 a\u00f1os"},"content":{"rendered":"<p><span style=\"font-size: 14pt;\">El pasado mes de\u00a0octubre\u00a0fueron deportados\u00a0siete mil mexicanos desde EU\u00a0\u2013m\u00e1s que de cualquier otra nacionalidad\u2013, lo que constituye la\u00a0mayor cifra en una d\u00e9cada, seg\u00fan un an\u00e1lisis del\u00a0Tribunal de Inmigraci\u00f3n\u00a0con registros obtenidos por el centro Transactional Records Access Clearinghouse (TRAC) de la Universidad de Syracuse en Nueva York.<\/span><\/p>\n<p><span style=\"font-size: 14pt;\">De acuerdo con TRAC, el aumento en estas deportaciones es\u00a0resultado de un incremento de \u00f3rdenes emitidas por jueces para que mexicanos abandonen el pa\u00eds, y menciona como ejemplo que\u00a0en octubre del 2023 se cerraron 7 mil 814 casos que involucraban a connacionales\u00a0y que en el\u00a037 por ciento de \u00e9stos se determin\u00f3 que fueran deportados.<\/span><\/p>\n","protected":false},"excerpt":{"rendered":"<p>El pasado mes de\u00a0octubre\u00a0fueron deportados\u00a0siete mil mexicanos desde EU\u00a0\u2013m\u00e1s que de cualquier otra nacionalidad\u2013, lo que constituye la\u00a0mayor cifra en<\/p>\n","protected":false},"author":4,"featured_media":50465,"comment_status":"closed","ping_status":"closed","sticky":false,"template":"","format":"standard","meta":{"colormag_page_container_layout":"default_layout","colormag_page_sidebar_layout":"default_layout","_jetpack_memberships_contains_paid_content":false,"footnotes":"","jetpack_publicize_message":"","jetpack_publicize_feature_enabled":true,"jetpack_social_post_already_shared":false,"jetpack_social_options":{"image_generator_settings":{"template":"highway","default_image_id":0,"font":"","enabled":false},"version":2}},"categories":[33],"tags":[],"class_list":["post-50464","post","type-post","status-publish","format-standard","has-post-thumbnail","hentry","category-nacional"],"jetpack_publicize_connections":[],"jetpack_featured_media_url":"https:\/\/i0.wp.com\/politicosaldesnudo.com.mx\/wp-content\/uploads\/2024\/11\/Deportacion-de-mexicanos-desde-EU-alcanza-la-mayor-cifra-en-10-anos.png?fit=768%2C479&ssl=1","jetpack-related-posts":[],"jetpack_sharing_enabled":true,"_links":{"self":[{"href":"https:\/\/politicosaldesnudo.com.mx\/index.php\/wp-json\/wp\/v2\/posts\/50464","targetHints":{"allow":["GET"]}}],"collection":[{"href":"https:\/\/politicosaldesnudo.com.mx\/index.php\/wp-json\/wp\/v2\/posts"}],"about":[{"href":"https:\/\/politicosaldesnudo.com.mx\/index.php\/wp-json\/wp\/v2\/types\/post"}],"author":[{"embeddable":true,"href":"https:\/\/politicosaldesnudo.com.mx\/index.php\/wp-json\/wp\/v2\/users\/4"}],"replies":[{"embeddable":true,"href":"https:\/\/politicosaldesnudo.com.mx\/index.php\/wp-json\/wp\/v2\/comments?post=50464"}],"version-history":[{"count":0,"href":"https:\/\/politicosaldesnudo.com.mx\/index.php\/wp-json\/wp\/v2\/posts\/50464\/revisions"}],"wp:featuredmedia":[{"embeddable":true,"href":"https:\/\/politicosaldesnudo.com.mx\/index.php\/wp-json\/wp\/v2\/media\/50465"}],"wp:attachment":[{"href":"https:\/\/politicosaldesnudo.com.mx\/index.php\/wp-json\/wp\/v2\/media?parent=50464"}],"wp:term":[{"taxonomy":"category","embeddable":true,"href":"https:\/\/politicosaldesnudo.com.mx\/index.php\/wp-json\/wp\/v2\/categories?post=50464"},{"taxonomy":"post_tag","embeddable":true,"href":"https:\/\/politicosaldesnudo.com.mx\/index.php\/wp-json\/wp\/v2\/tags?post=50464"}],"curies":[{"name":"wp","href":"https:\/\/api.w.org\/{rel}","templated":true}]}}