{"id":50469,"date":"2024-11-16T00:12:42","date_gmt":"2024-11-16T06:12:42","guid":{"rendered":"https:\/\/politicosaldesnudo.com.mx\/?p=50469"},"modified":"2024-11-15T21:53:31","modified_gmt":"2024-11-16T03:53:31","slug":"recortaran-mas-de-5-mil-mdp-al-presupuesto-de-la-unam-110-mil-estudiantes-serian-afectados","status":"publish","type":"post","link":"https:\/\/politicosaldesnudo.com.mx\/index.php\/2024\/11\/16\/recortaran-mas-de-5-mil-mdp-al-presupuesto-de-la-unam-110-mil-estudiantes-serian-afectados\/","title":{"rendered":"Recortar\u00e1n m\u00e1s de 5 mil mdp al presupuesto de la UNAM: 110 mil estudiantes ser\u00edan afectados"},"content":{"rendered":"<p>El proyecto del\u00a0Presupuesto de Egresos de la Federaci\u00f3n 2025\u00a0prev\u00e9 un recorte de m\u00e1s de 5 mil 360 millones de pesos a la\u00a0Universidad Nacional Aut\u00f3noma de M\u00e9xico\u00a0(UNAM).<\/p>\n<p>De acuerdo con el documento, el pr\u00f3ximo a\u00f1o la m\u00e1xima casa de estudios\u00a0recibir\u00e1 45 mil 58 millones de pesos, mientras que en\u00a02024\u00a0el Congreso aprob\u00f3 una partida de\u00a050 mil 418 millones de pesos.<\/p>\n<p>Al respecto, la UNAM se\u00f1al\u00f3 en un comunicado que\u00a0este recorte impactar\u00eda a cerca de 110 mil estudiantes\u00a0que provienen de\u00a0hogares con vulnerabilidad econ\u00f3mica\u00a0y que son apoyados con distintos tipos de\u00a0becas.<\/p>\n<p>\u201cLa\u00a0suficiencia de recursos\u00a0es primordial para impartir una educaci\u00f3n superior p\u00fablica de calidad. Se requiere de una\u00a0inversi\u00f3n sostenida para la atenci\u00f3n de 373 mil estudiantes, para infraestructura, para la actualizaci\u00f3n de programas acad\u00e9micos y para el desarrollo de la investigaci\u00f3n y la difusi\u00f3n de la cultura\u201d, puntualiz\u00f3.<\/p>\n","protected":false},"excerpt":{"rendered":"<p>El proyecto del\u00a0Presupuesto de Egresos de la Federaci\u00f3n 2025\u00a0prev\u00e9 un recorte de m\u00e1s de 5 mil 360 millones de pesos<\/p>\n","protected":false},"author":4,"featured_media":50470,"comment_status":"closed","ping_status":"closed","sticky":false,"template":"","format":"standard","meta":{"colormag_page_container_layout":"default_layout","colormag_page_sidebar_layout":"default_layout","_jetpack_memberships_contains_paid_content":false,"footnotes":"","jetpack_publicize_message":"","jetpack_publicize_feature_enabled":true,"jetpack_social_post_already_shared":false,"jetpack_social_options":{"image_generator_settings":{"template":"highway","default_image_id":0,"font":"","enabled":false},"version":2}},"categories":[33],"tags":[],"class_list":["post-50469","post","type-post","status-publish","format-standard","has-post-thumbnail","hentry","category-nacional"],"jetpack_publicize_connections":[],"jetpack_featured_media_url":"https:\/\/i0.wp.com\/politicosaldesnudo.com.mx\/wp-content\/uploads\/2024\/11\/Recortaran-presupuesto-de-la-UNAM.png?fit=768%2C479&ssl=1","jetpack-related-posts":[],"jetpack_sharing_enabled":true,"_links":{"self":[{"href":"https:\/\/politicosaldesnudo.com.mx\/index.php\/wp-json\/wp\/v2\/posts\/50469","targetHints":{"allow":["GET"]}}],"collection":[{"href":"https:\/\/politicosaldesnudo.com.mx\/index.php\/wp-json\/wp\/v2\/posts"}],"about":[{"href":"https:\/\/politicosaldesnudo.com.mx\/index.php\/wp-json\/wp\/v2\/types\/post"}],"author":[{"embeddable":true,"href":"https:\/\/politicosaldesnudo.com.mx\/index.php\/wp-json\/wp\/v2\/users\/4"}],"replies":[{"embeddable":true,"href":"https:\/\/politicosaldesnudo.com.mx\/index.php\/wp-json\/wp\/v2\/comments?post=50469"}],"version-history":[{"count":0,"href":"https:\/\/politicosaldesnudo.com.mx\/index.php\/wp-json\/wp\/v2\/posts\/50469\/revisions"}],"wp:featuredmedia":[{"embeddable":true,"href":"https:\/\/politicosaldesnudo.com.mx\/index.php\/wp-json\/wp\/v2\/media\/50470"}],"wp:attachment":[{"href":"https:\/\/politicosaldesnudo.com.mx\/index.php\/wp-json\/wp\/v2\/media?parent=50469"}],"wp:term":[{"taxonomy":"category","embeddable":true,"href":"https:\/\/politicosaldesnudo.com.mx\/index.php\/wp-json\/wp\/v2\/categories?post=50469"},{"taxonomy":"post_tag","embeddable":true,"href":"https:\/\/politicosaldesnudo.com.mx\/index.php\/wp-json\/wp\/v2\/tags?post=50469"}],"curies":[{"name":"wp","href":"https:\/\/api.w.org\/{rel}","templated":true}]}}