{"id":50472,"date":"2024-11-16T00:13:53","date_gmt":"2024-11-16T06:13:53","guid":{"rendered":"https:\/\/politicosaldesnudo.com.mx\/?p=50472"},"modified":"2024-11-15T21:55:41","modified_gmt":"2024-11-16T03:55:41","slug":"encabeza-claudia-sheinbaum-reunion-para-la-reactivacion-integral-de-acapulco","status":"publish","type":"post","link":"https:\/\/politicosaldesnudo.com.mx\/index.php\/2024\/11\/16\/encabeza-claudia-sheinbaum-reunion-para-la-reactivacion-integral-de-acapulco\/","title":{"rendered":"Encabeza Claudia Sheinbaum reuni\u00f3n para la reactivaci\u00f3n integral de Acapulco"},"content":{"rendered":"<p><span style=\"font-size: 14pt;\">La\u00a0presidenta de M\u00e9xico, Claudia Sheinbaum Pardo, encabez\u00f3 un encuentro estrat\u00e9gico en\u00a0Palacio Nacional\u00a0para coordinar los esfuerzos de reconstrucci\u00f3n y reactivaci\u00f3n de\u00a0Acapulco\u00a0tras el devastador paso del hurac\u00e1n \u00abJohn\u00bb.<\/span><\/p>\n<p><span style=\"font-size: 14pt;\">Entre los asistentes estuvieron la\u00a0presidenta municipal de Acapulco, Abelina L\u00f3pez;\u00a0la gobernadora de Guerrero, Evelyn Salgado; y los secretarios de Econom\u00eda y Hacienda y Cr\u00e9dito P\u00fablico, Marcelo Ebrard y Rogelio Ram\u00edrez de la O. Del sector empresarial participaron Carlos Slim; Francisco Cervantes, presidente del Consejo Coordinador Empresarial (CCE); y Arturo El\u00edas Ayub, director de\u00a0Alianzas Estrat\u00e9gicas de Am\u00e9rica M\u00f3vil y Fundaci\u00f3n Telmex.<\/span><\/p>\n<p><span style=\"font-size: 14pt;\">Abelina L\u00f3pez subray\u00f3 la importancia de la uni\u00f3n y la solidaridad en este proceso \u201ccorroboramos una vez m\u00e1s que el cari\u00f1o hacia Acapulco es compartido por miles de corazones y lo habremos de corresponder con trabajo y compromiso\u201d, se\u00f1al\u00f3 en sus redes sociales.<\/span><\/p>\n","protected":false},"excerpt":{"rendered":"<p>La\u00a0presidenta de M\u00e9xico, Claudia Sheinbaum Pardo, encabez\u00f3 un encuentro estrat\u00e9gico en\u00a0Palacio Nacional\u00a0para coordinar los esfuerzos de reconstrucci\u00f3n y reactivaci\u00f3n de\u00a0Acapulco\u00a0tras<\/p>\n","protected":false},"author":4,"featured_media":50473,"comment_status":"closed","ping_status":"closed","sticky":false,"template":"","format":"standard","meta":{"colormag_page_container_layout":"default_layout","colormag_page_sidebar_layout":"default_layout","_jetpack_memberships_contains_paid_content":false,"footnotes":"","jetpack_publicize_message":"","jetpack_publicize_feature_enabled":true,"jetpack_social_post_already_shared":false,"jetpack_social_options":{"image_generator_settings":{"template":"highway","default_image_id":0,"font":"","enabled":false},"version":2}},"categories":[33],"tags":[],"class_list":["post-50472","post","type-post","status-publish","format-standard","has-post-thumbnail","hentry","category-nacional"],"jetpack_publicize_connections":[],"jetpack_featured_media_url":"https:\/\/i0.wp.com\/politicosaldesnudo.com.mx\/wp-content\/uploads\/2024\/11\/Claudia-Sheinbaum.jpg?fit=768%2C479&ssl=1","jetpack-related-posts":[],"jetpack_sharing_enabled":true,"_links":{"self":[{"href":"https:\/\/politicosaldesnudo.com.mx\/index.php\/wp-json\/wp\/v2\/posts\/50472","targetHints":{"allow":["GET"]}}],"collection":[{"href":"https:\/\/politicosaldesnudo.com.mx\/index.php\/wp-json\/wp\/v2\/posts"}],"about":[{"href":"https:\/\/politicosaldesnudo.com.mx\/index.php\/wp-json\/wp\/v2\/types\/post"}],"author":[{"embeddable":true,"href":"https:\/\/politicosaldesnudo.com.mx\/index.php\/wp-json\/wp\/v2\/users\/4"}],"replies":[{"embeddable":true,"href":"https:\/\/politicosaldesnudo.com.mx\/index.php\/wp-json\/wp\/v2\/comments?post=50472"}],"version-history":[{"count":0,"href":"https:\/\/politicosaldesnudo.com.mx\/index.php\/wp-json\/wp\/v2\/posts\/50472\/revisions"}],"wp:featuredmedia":[{"embeddable":true,"href":"https:\/\/politicosaldesnudo.com.mx\/index.php\/wp-json\/wp\/v2\/media\/50473"}],"wp:attachment":[{"href":"https:\/\/politicosaldesnudo.com.mx\/index.php\/wp-json\/wp\/v2\/media?parent=50472"}],"wp:term":[{"taxonomy":"category","embeddable":true,"href":"https:\/\/politicosaldesnudo.com.mx\/index.php\/wp-json\/wp\/v2\/categories?post=50472"},{"taxonomy":"post_tag","embeddable":true,"href":"https:\/\/politicosaldesnudo.com.mx\/index.php\/wp-json\/wp\/v2\/tags?post=50472"}],"curies":[{"name":"wp","href":"https:\/\/api.w.org\/{rel}","templated":true}]}}