{"id":50555,"date":"2024-11-18T00:10:20","date_gmt":"2024-11-18T06:10:20","guid":{"rendered":"https:\/\/politicosaldesnudo.com.mx\/?p=50555"},"modified":"2024-11-17T20:32:30","modified_gmt":"2024-11-18T02:32:30","slug":"el-futuro-del-mar-de-cortes-dependeria-de-la-planificacion-urbana-sostenible","status":"publish","type":"post","link":"https:\/\/politicosaldesnudo.com.mx\/index.php\/2024\/11\/18\/el-futuro-del-mar-de-cortes-dependeria-de-la-planificacion-urbana-sostenible\/","title":{"rendered":"El futuro del Mar de Cort\u00e9s depender\u00eda de la planificaci\u00f3n urbana sostenible"},"content":{"rendered":"<p><span style=\"font-size: 14pt;\">Las ciudades que comparten la regi\u00f3n del Mar de Cort\u00e9s enfrentan desaf\u00edos como urbanizaci\u00f3n, contaminaci\u00f3n, sobrepesca y gentrificaci\u00f3n, los cuales pueden enfrentarse con un enfoque en el desarrollo sostenible y la identidad cultural, se\u00f1al\u00f3 Dennis Frenchman, director del MIT Center for Real Estate, durante el panel Ciudades con futuro del\u00a0Foro Mar de Cort\u00e9s 2024, en el que explor\u00f3 la interrelaci\u00f3n entre la ciudad y el mar y c\u00f3mo la innovaci\u00f3n y el dise\u00f1o pueden mejorarla.<\/span><\/p>\n<p><span style=\"font-size: 14pt;\">La pesca y el turismo son las principales actividades econ\u00f3micas en la regi\u00f3n del Mar de Cort\u00e9s, que generan 200 y 500 millones de d\u00f3lares anuales, respectivamente, a la econom\u00eda local, de la cual dependen 10 millones de personas que habitan sus ciudades y pueblos.<\/span><\/p>\n","protected":false},"excerpt":{"rendered":"<p>Las ciudades que comparten la regi\u00f3n del Mar de Cort\u00e9s enfrentan desaf\u00edos como urbanizaci\u00f3n, contaminaci\u00f3n, sobrepesca y gentrificaci\u00f3n, los cuales<\/p>\n","protected":false},"author":4,"featured_media":50556,"comment_status":"closed","ping_status":"closed","sticky":false,"template":"","format":"standard","meta":{"colormag_page_container_layout":"default_layout","colormag_page_sidebar_layout":"default_layout","_jetpack_memberships_contains_paid_content":false,"footnotes":"","jetpack_publicize_message":"","jetpack_publicize_feature_enabled":true,"jetpack_social_post_already_shared":false,"jetpack_social_options":{"image_generator_settings":{"template":"highway","default_image_id":0,"font":"","enabled":false},"version":2}},"categories":[30],"tags":[],"class_list":["post-50555","post","type-post","status-publish","format-standard","has-post-thumbnail","hentry","category-estados"],"jetpack_publicize_connections":[],"jetpack_featured_media_url":"https:\/\/i0.wp.com\/politicosaldesnudo.com.mx\/wp-content\/uploads\/2024\/11\/66e4bfda52ba4.jpeg?fit=1280%2C720&ssl=1","jetpack-related-posts":[],"jetpack_sharing_enabled":true,"_links":{"self":[{"href":"https:\/\/politicosaldesnudo.com.mx\/index.php\/wp-json\/wp\/v2\/posts\/50555","targetHints":{"allow":["GET"]}}],"collection":[{"href":"https:\/\/politicosaldesnudo.com.mx\/index.php\/wp-json\/wp\/v2\/posts"}],"about":[{"href":"https:\/\/politicosaldesnudo.com.mx\/index.php\/wp-json\/wp\/v2\/types\/post"}],"author":[{"embeddable":true,"href":"https:\/\/politicosaldesnudo.com.mx\/index.php\/wp-json\/wp\/v2\/users\/4"}],"replies":[{"embeddable":true,"href":"https:\/\/politicosaldesnudo.com.mx\/index.php\/wp-json\/wp\/v2\/comments?post=50555"}],"version-history":[{"count":0,"href":"https:\/\/politicosaldesnudo.com.mx\/index.php\/wp-json\/wp\/v2\/posts\/50555\/revisions"}],"wp:featuredmedia":[{"embeddable":true,"href":"https:\/\/politicosaldesnudo.com.mx\/index.php\/wp-json\/wp\/v2\/media\/50556"}],"wp:attachment":[{"href":"https:\/\/politicosaldesnudo.com.mx\/index.php\/wp-json\/wp\/v2\/media?parent=50555"}],"wp:term":[{"taxonomy":"category","embeddable":true,"href":"https:\/\/politicosaldesnudo.com.mx\/index.php\/wp-json\/wp\/v2\/categories?post=50555"},{"taxonomy":"post_tag","embeddable":true,"href":"https:\/\/politicosaldesnudo.com.mx\/index.php\/wp-json\/wp\/v2\/tags?post=50555"}],"curies":[{"name":"wp","href":"https:\/\/api.w.org\/{rel}","templated":true}]}}