{"id":50561,"date":"2024-11-18T00:12:33","date_gmt":"2024-11-18T06:12:33","guid":{"rendered":"https:\/\/politicosaldesnudo.com.mx\/?p=50561"},"modified":"2024-11-17T20:40:08","modified_gmt":"2024-11-18T02:40:08","slug":"anulan-acusacion-de-desaparicion-forzada-contra-javier-duarte","status":"publish","type":"post","link":"https:\/\/politicosaldesnudo.com.mx\/index.php\/2024\/11\/18\/anulan-acusacion-de-desaparicion-forzada-contra-javier-duarte\/","title":{"rendered":"Anulan acusaci\u00f3n de desaparici\u00f3n forzada contra Javier Duarte"},"content":{"rendered":"<p><span style=\"font-size: 14pt;\">Un\u00a0juez exoner\u00f3\u00a0al exgobernador de Veracruz\u00a0Javier Duarte\u00a0de la acusaci\u00f3n\u00a0en su contra por el delito de\u00a0desaparici\u00f3n forzada.<\/span><\/p>\n<p><span style=\"font-size: 14pt;\">En la audiencia, el juez de control determin\u00f3 que las\u00a0acusaciones contra Duarte, realizadas por el exsecretario de seguridad p\u00fablica de Veracruz, Arturo Berm\u00fadez Zurita, fueron\u00a0realizadas bajo tortura, por lo que\u00a0las desestim\u00f3.<\/span><\/p>\n<p><span style=\"font-size: 14pt;\">Por ello, la\u00a0defensa\u00a0legal del\u00a0exgobernador\u00a0del PRI\u00a0solicit\u00f3 que se cancelara el caso, moci\u00f3n que fue autorizada por el juez federal. No obstante, la\u00a0Fiscal\u00eda podr\u00eda apelar esta determinaci\u00f3n.<\/span><\/p>\n","protected":false},"excerpt":{"rendered":"<p>Un\u00a0juez exoner\u00f3\u00a0al exgobernador de Veracruz\u00a0Javier Duarte\u00a0de la acusaci\u00f3n\u00a0en su contra por el delito de\u00a0desaparici\u00f3n forzada. En la audiencia, el juez<\/p>\n","protected":false},"author":4,"featured_media":50562,"comment_status":"closed","ping_status":"closed","sticky":false,"template":"","format":"standard","meta":{"colormag_page_container_layout":"default_layout","colormag_page_sidebar_layout":"default_layout","_jetpack_memberships_contains_paid_content":false,"footnotes":"","jetpack_publicize_message":"","jetpack_publicize_feature_enabled":true,"jetpack_social_post_already_shared":false,"jetpack_social_options":{"image_generator_settings":{"template":"highway","default_image_id":0,"font":"","enabled":false},"version":2}},"categories":[33],"tags":[],"class_list":["post-50561","post","type-post","status-publish","format-standard","has-post-thumbnail","hentry","category-nacional"],"jetpack_publicize_connections":[],"jetpack_featured_media_url":"https:\/\/i0.wp.com\/politicosaldesnudo.com.mx\/wp-content\/uploads\/2024\/11\/Javier-Duarte.jpg?fit=768%2C479&ssl=1","jetpack-related-posts":[],"jetpack_sharing_enabled":true,"_links":{"self":[{"href":"https:\/\/politicosaldesnudo.com.mx\/index.php\/wp-json\/wp\/v2\/posts\/50561","targetHints":{"allow":["GET"]}}],"collection":[{"href":"https:\/\/politicosaldesnudo.com.mx\/index.php\/wp-json\/wp\/v2\/posts"}],"about":[{"href":"https:\/\/politicosaldesnudo.com.mx\/index.php\/wp-json\/wp\/v2\/types\/post"}],"author":[{"embeddable":true,"href":"https:\/\/politicosaldesnudo.com.mx\/index.php\/wp-json\/wp\/v2\/users\/4"}],"replies":[{"embeddable":true,"href":"https:\/\/politicosaldesnudo.com.mx\/index.php\/wp-json\/wp\/v2\/comments?post=50561"}],"version-history":[{"count":0,"href":"https:\/\/politicosaldesnudo.com.mx\/index.php\/wp-json\/wp\/v2\/posts\/50561\/revisions"}],"wp:featuredmedia":[{"embeddable":true,"href":"https:\/\/politicosaldesnudo.com.mx\/index.php\/wp-json\/wp\/v2\/media\/50562"}],"wp:attachment":[{"href":"https:\/\/politicosaldesnudo.com.mx\/index.php\/wp-json\/wp\/v2\/media?parent=50561"}],"wp:term":[{"taxonomy":"category","embeddable":true,"href":"https:\/\/politicosaldesnudo.com.mx\/index.php\/wp-json\/wp\/v2\/categories?post=50561"},{"taxonomy":"post_tag","embeddable":true,"href":"https:\/\/politicosaldesnudo.com.mx\/index.php\/wp-json\/wp\/v2\/tags?post=50561"}],"curies":[{"name":"wp","href":"https:\/\/api.w.org\/{rel}","templated":true}]}}