{"id":5058,"date":"2022-05-10T05:55:57","date_gmt":"2022-05-10T10:55:57","guid":{"rendered":"https:\/\/politicosaldesnudo.com.mx\/?p=5058"},"modified":"2022-05-10T05:55:57","modified_gmt":"2022-05-10T10:55:57","slug":"aristoteles-y-la-cuarta","status":"publish","type":"post","link":"https:\/\/politicosaldesnudo.com.mx\/index.php\/2022\/05\/10\/aristoteles-y-la-cuarta\/","title":{"rendered":"Arist\u00f3teles y la cuarta"},"content":{"rendered":"<p class=\"p1\">\n<p class=\"p1\"><strong><span style=\"font-size: 18pt;\">Por Alberto Woolrich Ort\u00edz<\/span><\/strong><\/p>\n<p class=\"p1\"><span style=\"font-size: 14pt;\">Arist\u00f3teles uno de los m\u00e1s grandes fil\u00f3sofos de la Grecia inmemorial ilustr\u00f3 expresando que: \u201cC\u00f3mo es posible que qui\u00e9n cometa una injusticia o un crimen no sea a\u00fan completamente injusto o criminal\u201d. El propio pensador di\u00f3 cabal respuesta a la pregunta planteada cuando afirm\u00f3: \u201cS\u00f3lo se comete delito o se hace un acto justo cuando se obra voluntariamente, lo mismo en uno que en otro caso\u201d\u2026\u2026 \u201cLo que hay de voluntario en la acci\u00f3n es lo que<span class=\"Apple-converted-space\">\u00a0 <\/span>constituye la inequidad\u201d. Todo lo expuesto est\u00e1 asentado en su obra Moral, a Nicomaco, (Editorial El Ateneo, Libro V,<span class=\"Apple-converted-space\">\u00a0 <\/span>Cap\u00edtulo IV). La c\u00faal ha ejercido una notable influencia sobre la historia intelectual.<span class=\"Apple-converted-space\">\u00a0<\/span><\/span><\/p>\n<p class=\"p1\"><span style=\"font-size: 14pt;\">Ahora bien, es la voluntad y los actos que por ella se realizan en \u00e9sta nombrada Cuarta Transformaci\u00f3n de la Rep\u00fablica, lo que Arist\u00f3teles (volviendo a su pensamiento) considera como fundamento para la existencia del delito; en el M\u00e9xico de hoy y en el d\u00eda de hoy, con el objeto de llegar a comprender esa concepci\u00f3n filos\u00f3fica es menester saber: \u00bfExiste voluntad y actos voluntarios en la forma de gobernar de algunos funcionarios de \u00e9sta \u00e9poca?.<span class=\"Apple-converted-space\">\u00a0<\/span><\/span><\/p>\n<p class=\"p1\"><span style=\"font-size: 14pt;\">Si tomamos como punto de partida lo asentado, bien valdr\u00eda la pena, apoyarnos en conocimientos especializados para efectuar \u201cun estudio imprescindible\u201d cuando se quiera dar la raz\u00f3n a la Cuarta Transformaci\u00f3n de la Naci\u00f3n, a fin de que se determine si en lo actuado por esos ciertos funcionarios de la cuarta, existen actos voluntarios; este conocimiento es indispensable para que gobernantes y gobernados, tomemos conciencia sobre los aplausos o sanciones penales que a futuro se puedan decretar. Solo as\u00ed podremos saber si los actos de ciertos Siervos de la Naci\u00f3n son una injusticia o un delito.<span class=\"Apple-converted-space\">\u00a0<\/span><\/span><\/p>\n<p class=\"p1\"><span style=\"font-size: 14pt;\">Por m\u00ednimamente informados que estemos, los abogados sabemos que el acto voluntario es aqu\u00e9l cuyo principio se encuentra en la persona misma, quien es el que conoce los pormenores de todas aquellas condiciones que su acci\u00f3n encierra; pero tambi\u00e9n conocemos que los actos involuntarios son todos aquellos que se realizan obligados por la fuerza mayor o estimulados por la ignorancia.<span class=\"Apple-converted-space\">\u00a0<\/span><\/span><\/p>\n<p class=\"p1\"><span style=\"font-size: 14pt;\">Aqu\u00ed, s\u00f3lo aqu\u00ed, cabe preguntar \u00bfNuestros gobernantes lo saben?.<span class=\"Apple-converted-space\">\u00a0<\/span><\/span><\/p>\n<p class=\"p1\"><span style=\"font-size: 14pt;\">En opini\u00f3n de muchas gentes pensantes de la Rep\u00fablica, los actos de gobierno de Andr\u00e9s Manuel L\u00f3pez Obrador no se tratan de actos involuntarios, a raz\u00f3n, de que los mismos no han sido realizados a instancias de fuerza mayor.<span class=\"Apple-converted-space\">\u00a0<\/span><\/span><\/p>\n<p class=\"p1\"><span style=\"font-size: 14pt;\">Continuemos con lo expuesto: La voluntad que matiza el comportamiento de nuestro Presidente Constitucional de los Estados Unidos Mexicanos se encuentra salpicada por su comportamiento pol\u00edtico y ah\u00ed, los que saben dicen que radica el libre albedr\u00edo. Pol\u00edticamente cabe asentar que el hacer de Andr\u00e9s Manuel L\u00f3pez Obrador es un acto voluntario, ya que se presupone que valor\u00f3 y realiz\u00f3 reflexivamente su elecci\u00f3n, o sea, cuando al conocer y saber las diferentes formas de actuar, opt\u00f3 y actu\u00f3 en consecuencia.<span class=\"Apple-converted-space\">\u00a0 \u00a0<\/span><\/span><\/p>\n<p class=\"p1\"><span style=\"font-size: 14pt;\">Seg\u00fan la posici\u00f3n aristot\u00e9lica, nuestro se\u00f1or presidente es responsable de las consecuencias de sus actos, porque es libre y tuvo voluntad de elecci\u00f3n. Ahora bien de ese libre albedr\u00edo resulta la consecuencia que refiere Arist\u00f3teles.<span class=\"Apple-converted-space\">\u00a0<\/span><\/span><\/p>\n<p class=\"p1\"><span style=\"font-size: 14pt;\">La pregunta obligada es \u00bfHabr\u00e1 alguien que le haga saber al presidente que con su manera de actuar est\u00e1 cometiendo una injusticia o un delito?.<\/span><\/p>\n<p class=\"p1\"><span style=\"font-size: 14pt;\">La Academia de Derecho Penal del Colegio de Abogados de M\u00e9xico, A.C., deja al vuelo esa pregunta. La respuesta la dar\u00e1n los lectores.<\/span><\/p>\n<p class=\"p1\"><span style=\"font-size: 14pt;\">Es cuanto<span class=\"Apple-converted-space\">\u00a0<\/span><\/span><\/p>\n<p>&nbsp;<\/p>\n<p>&nbsp;<\/p>\n<p class=\"p1\"><span style=\"font-size: 18pt;\"><strong>Lic. Alberto Woolrich Ort\u00edz<\/strong><\/span><\/p>\n<p class=\"p1\"><span style=\"font-size: 18pt;\"><strong>Presidente de la Academia de Derecho<span class=\"Apple-converted-space\">\u00a0<\/span><\/strong><\/span><\/p>\n<p class=\"p1\"><span style=\"font-size: 18pt;\"><strong>Penal del Colegio de Abogados de M\u00e9xico, A.C.<\/strong><\/span><\/p>\n<p>&nbsp;<\/p>\n<p>&nbsp;<\/p>\n<p>&nbsp;<\/p>\n<p>&nbsp;<\/p>\n<p>&nbsp;<\/p>\n","protected":false},"excerpt":{"rendered":"<p>Por Alberto Woolrich Ort\u00edz Arist\u00f3teles uno de los m\u00e1s grandes fil\u00f3sofos de la Grecia inmemorial ilustr\u00f3 expresando que: \u201cC\u00f3mo es<\/p>\n","protected":false},"author":4,"featured_media":3889,"comment_status":"closed","ping_status":"closed","sticky":false,"template":"","format":"standard","meta":{"colormag_page_container_layout":"default_layout","colormag_page_sidebar_layout":"default_layout","_jetpack_memberships_contains_paid_content":false,"footnotes":"","jetpack_publicize_message":"","jetpack_publicize_feature_enabled":true,"jetpack_social_post_already_shared":true,"jetpack_social_options":{"image_generator_settings":{"template":"highway","default_image_id":0,"font":"","enabled":false},"version":2}},"categories":[26],"tags":[],"class_list":["post-5058","post","type-post","status-publish","format-standard","has-post-thumbnail","hentry","category-columnistas"],"jetpack_publicize_connections":[],"jetpack_featured_media_url":"https:\/\/i0.wp.com\/politicosaldesnudo.com.mx\/wp-content\/uploads\/2022\/04\/CABEZAL-OKEY.png?fit=1816%2C1016&ssl=1","jetpack-related-posts":[],"jetpack_sharing_enabled":true,"_links":{"self":[{"href":"https:\/\/politicosaldesnudo.com.mx\/index.php\/wp-json\/wp\/v2\/posts\/5058","targetHints":{"allow":["GET"]}}],"collection":[{"href":"https:\/\/politicosaldesnudo.com.mx\/index.php\/wp-json\/wp\/v2\/posts"}],"about":[{"href":"https:\/\/politicosaldesnudo.com.mx\/index.php\/wp-json\/wp\/v2\/types\/post"}],"author":[{"embeddable":true,"href":"https:\/\/politicosaldesnudo.com.mx\/index.php\/wp-json\/wp\/v2\/users\/4"}],"replies":[{"embeddable":true,"href":"https:\/\/politicosaldesnudo.com.mx\/index.php\/wp-json\/wp\/v2\/comments?post=5058"}],"version-history":[{"count":0,"href":"https:\/\/politicosaldesnudo.com.mx\/index.php\/wp-json\/wp\/v2\/posts\/5058\/revisions"}],"wp:featuredmedia":[{"embeddable":true,"href":"https:\/\/politicosaldesnudo.com.mx\/index.php\/wp-json\/wp\/v2\/media\/3889"}],"wp:attachment":[{"href":"https:\/\/politicosaldesnudo.com.mx\/index.php\/wp-json\/wp\/v2\/media?parent=5058"}],"wp:term":[{"taxonomy":"category","embeddable":true,"href":"https:\/\/politicosaldesnudo.com.mx\/index.php\/wp-json\/wp\/v2\/categories?post=5058"},{"taxonomy":"post_tag","embeddable":true,"href":"https:\/\/politicosaldesnudo.com.mx\/index.php\/wp-json\/wp\/v2\/tags?post=5058"}],"curies":[{"name":"wp","href":"https:\/\/api.w.org\/{rel}","templated":true}]}}