{"id":50630,"date":"2024-11-19T00:11:55","date_gmt":"2024-11-19T06:11:55","guid":{"rendered":"https:\/\/politicosaldesnudo.com.mx\/?p=50630"},"modified":"2024-11-18T18:44:18","modified_gmt":"2024-11-19T00:44:18","slug":"alvarez-maynez-levanta-la-mano-para-ser-el-proximo-lider-de-movimiento-ciudadano","status":"publish","type":"post","link":"https:\/\/politicosaldesnudo.com.mx\/index.php\/2024\/11\/19\/alvarez-maynez-levanta-la-mano-para-ser-el-proximo-lider-de-movimiento-ciudadano\/","title":{"rendered":"\u00c1lvarez M\u00e1ynez levanta la mano para ser el pr\u00f3ximo l\u00edder de Movimiento Ciudadano"},"content":{"rendered":"<p><span style=\"font-size: 14pt;\">Jorge \u00c1lvarez M\u00e1ynez,\u00a0excandidato presidencial\u00a0de\u00a0Movimiento Ciudadano\u00a0(MC), anunci\u00f3 que\u00a0formalizar\u00e1 su aspiraci\u00f3n\u00a0a la\u00a0dirigencia nacional\u00a0de ese partido, este martes, en punto de las 12:00 horas.<\/span><\/p>\n<p><span style=\"font-size: 14pt;\">El registro ante el partido, de cara a su\u00a0renovaci\u00f3n de \u00f3rganos internos, se llevar\u00e1 a cabo en la\u00a0sede nacional de Movimiento Ciudadano, ubicada en la colonia N\u00e1poles de la alcald\u00eda Benito Ju\u00e1rez.<\/span><\/p>\n<p><span style=\"font-size: 14pt;\">La experiencia\u00a0\u00c1lvarez M\u00e1ynez, pol\u00edtico zacatecano, como\u00a0excandidato presidencial\u00a0y\u00a0ex coordinador parlamentario, adem\u00e1s de su\u00a0cercan\u00eda\u00a0con l\u00edderes clave dentro del partido, como el propio\u00a0Dante Delgado,\u00a0lo colocan como el favorito\u00a0en este proceso interno.<\/span><\/p>\n","protected":false},"excerpt":{"rendered":"<p>Jorge \u00c1lvarez M\u00e1ynez,\u00a0excandidato presidencial\u00a0de\u00a0Movimiento Ciudadano\u00a0(MC), anunci\u00f3 que\u00a0formalizar\u00e1 su aspiraci\u00f3n\u00a0a la\u00a0dirigencia nacional\u00a0de ese partido, este martes, en punto de las 12:00<\/p>\n","protected":false},"author":4,"featured_media":50631,"comment_status":"closed","ping_status":"closed","sticky":false,"template":"","format":"standard","meta":{"colormag_page_container_layout":"default_layout","colormag_page_sidebar_layout":"default_layout","_jetpack_memberships_contains_paid_content":false,"footnotes":"","jetpack_publicize_message":"","jetpack_publicize_feature_enabled":true,"jetpack_social_post_already_shared":false,"jetpack_social_options":{"image_generator_settings":{"template":"highway","default_image_id":0,"font":"","enabled":false},"version":2}},"categories":[33],"tags":[],"class_list":["post-50630","post","type-post","status-publish","format-standard","has-post-thumbnail","hentry","category-nacional"],"jetpack_publicize_connections":[],"jetpack_featured_media_url":"https:\/\/i0.wp.com\/politicosaldesnudo.com.mx\/wp-content\/uploads\/2024\/11\/Maynez.jpg?fit=768%2C479&ssl=1","jetpack-related-posts":[],"jetpack_sharing_enabled":true,"_links":{"self":[{"href":"https:\/\/politicosaldesnudo.com.mx\/index.php\/wp-json\/wp\/v2\/posts\/50630","targetHints":{"allow":["GET"]}}],"collection":[{"href":"https:\/\/politicosaldesnudo.com.mx\/index.php\/wp-json\/wp\/v2\/posts"}],"about":[{"href":"https:\/\/politicosaldesnudo.com.mx\/index.php\/wp-json\/wp\/v2\/types\/post"}],"author":[{"embeddable":true,"href":"https:\/\/politicosaldesnudo.com.mx\/index.php\/wp-json\/wp\/v2\/users\/4"}],"replies":[{"embeddable":true,"href":"https:\/\/politicosaldesnudo.com.mx\/index.php\/wp-json\/wp\/v2\/comments?post=50630"}],"version-history":[{"count":0,"href":"https:\/\/politicosaldesnudo.com.mx\/index.php\/wp-json\/wp\/v2\/posts\/50630\/revisions"}],"wp:featuredmedia":[{"embeddable":true,"href":"https:\/\/politicosaldesnudo.com.mx\/index.php\/wp-json\/wp\/v2\/media\/50631"}],"wp:attachment":[{"href":"https:\/\/politicosaldesnudo.com.mx\/index.php\/wp-json\/wp\/v2\/media?parent=50630"}],"wp:term":[{"taxonomy":"category","embeddable":true,"href":"https:\/\/politicosaldesnudo.com.mx\/index.php\/wp-json\/wp\/v2\/categories?post=50630"},{"taxonomy":"post_tag","embeddable":true,"href":"https:\/\/politicosaldesnudo.com.mx\/index.php\/wp-json\/wp\/v2\/tags?post=50630"}],"curies":[{"name":"wp","href":"https:\/\/api.w.org\/{rel}","templated":true}]}}