{"id":50649,"date":"2024-11-19T00:17:31","date_gmt":"2024-11-19T06:17:31","guid":{"rendered":"https:\/\/politicosaldesnudo.com.mx\/?p=50649"},"modified":"2024-11-18T19:10:32","modified_gmt":"2024-11-19T01:10:32","slug":"rechazan-presunto-nepotismo-en-congreso","status":"publish","type":"post","link":"https:\/\/politicosaldesnudo.com.mx\/index.php\/2024\/11\/19\/rechazan-presunto-nepotismo-en-congreso\/","title":{"rendered":"Rechazan presunto nepotismo en Congreso"},"content":{"rendered":"<p><span style=\"font-size: 14pt;\">El diputado presidente de la Junta de Coordinaci\u00f3n Pol\u00edtica del Congreso de Veracruz, Esteban Bautista Hern\u00e1ndez rechaz\u00f3 que la designaci\u00f3n Ana Patricia Gonz\u00e1lez Bautista, jefa de Recursos Materiales, sea nepotismo, toda vez que rechaz\u00f3 que pertenezca a su familia.<\/span><\/p>\n<p><span style=\"font-size: 14pt;\">Cuestionado en torno a la versi\u00f3n de que la jefa de Recursos Materiales es su sobrina, respondi\u00f3 \u201caqu\u00ed se puso gente con perfil, gente profesional, aquella vez les dije que voy a trabajar con medios de a deber\u00e1s, no con pasquineros, con notas falsas\u201d.<\/span><\/p>\n<p><span style=\"font-size: 14pt;\">Atribuy\u00f3 esta versi\u00f3n a cuentas falsas en redes sociales y asegur\u00f3 que se trata de \u201cuna muchacha\u201d que est\u00e1 preparada para el cargo.<\/span><\/p>\n<p><span style=\"font-size: 14pt;\">\u201cNo es mi hermana, en Tatahuicapan hay muchos Bautistas, la mitad del pueblo es Bautista\u201d, respondi\u00f3.<\/span><\/p>\n<p><span style=\"font-size: 14pt;\">Por otra parte, el presidente de la Jucopo se\u00f1al\u00f3 que este viernes se recibir\u00e1 a una comisi\u00f3n del Poder Ejecutivo que ser\u00e1 la responsable de entregar el sexto y \u00faltimo informe del gobernador Cuitl\u00e1huac Garc\u00eda Jim\u00e9nez, mismo que se revisar\u00e1 por parte de los legisladores y dijo confiar en que haya una rendici\u00f3n de cuentas claras. \u00a0<\/span><\/p>\n<p><span style=\"font-size: 14pt;\">\u201cVamos a revisar qu\u00e9 se hizo en centro, norte y sur, d\u00f3nde se aplicaron los recursos, eso todo mundo espera, viene una comisi\u00f3n, los diputados esperan que haya una rendici\u00f3n de cuentas claras\u201d.<\/span><\/p>\n<p><span style=\"font-size: 14pt;\">Finalmente, record\u00f3 a los 49 diputados que integran, junto con \u00e9l la legislatura local a que acudan a las comparecencias y participen, como es el Ordenamiento del pueblo que los eligi\u00f3.<\/span><\/p>\n","protected":false},"excerpt":{"rendered":"<p>El diputado presidente de la Junta de Coordinaci\u00f3n Pol\u00edtica del Congreso de Veracruz, Esteban Bautista Hern\u00e1ndez rechaz\u00f3 que la designaci\u00f3n<\/p>\n","protected":false},"author":4,"featured_media":50650,"comment_status":"closed","ping_status":"closed","sticky":false,"template":"","format":"standard","meta":{"colormag_page_container_layout":"default_layout","colormag_page_sidebar_layout":"default_layout","_jetpack_memberships_contains_paid_content":false,"footnotes":"","jetpack_publicize_message":"","jetpack_publicize_feature_enabled":true,"jetpack_social_post_already_shared":false,"jetpack_social_options":{"image_generator_settings":{"template":"highway","default_image_id":0,"font":"","enabled":false},"version":2}},"categories":[1082],"tags":[],"class_list":["post-50649","post","type-post","status-publish","format-standard","has-post-thumbnail","hentry","category-tuxpan"],"jetpack_publicize_connections":[],"jetpack_featured_media_url":"https:\/\/i0.wp.com\/politicosaldesnudo.com.mx\/wp-content\/uploads\/2024\/11\/8b.jpg?fit=1200%2C800&ssl=1","jetpack-related-posts":[],"jetpack_sharing_enabled":true,"_links":{"self":[{"href":"https:\/\/politicosaldesnudo.com.mx\/index.php\/wp-json\/wp\/v2\/posts\/50649","targetHints":{"allow":["GET"]}}],"collection":[{"href":"https:\/\/politicosaldesnudo.com.mx\/index.php\/wp-json\/wp\/v2\/posts"}],"about":[{"href":"https:\/\/politicosaldesnudo.com.mx\/index.php\/wp-json\/wp\/v2\/types\/post"}],"author":[{"embeddable":true,"href":"https:\/\/politicosaldesnudo.com.mx\/index.php\/wp-json\/wp\/v2\/users\/4"}],"replies":[{"embeddable":true,"href":"https:\/\/politicosaldesnudo.com.mx\/index.php\/wp-json\/wp\/v2\/comments?post=50649"}],"version-history":[{"count":0,"href":"https:\/\/politicosaldesnudo.com.mx\/index.php\/wp-json\/wp\/v2\/posts\/50649\/revisions"}],"wp:featuredmedia":[{"embeddable":true,"href":"https:\/\/politicosaldesnudo.com.mx\/index.php\/wp-json\/wp\/v2\/media\/50650"}],"wp:attachment":[{"href":"https:\/\/politicosaldesnudo.com.mx\/index.php\/wp-json\/wp\/v2\/media?parent=50649"}],"wp:term":[{"taxonomy":"category","embeddable":true,"href":"https:\/\/politicosaldesnudo.com.mx\/index.php\/wp-json\/wp\/v2\/categories?post=50649"},{"taxonomy":"post_tag","embeddable":true,"href":"https:\/\/politicosaldesnudo.com.mx\/index.php\/wp-json\/wp\/v2\/tags?post=50649"}],"curies":[{"name":"wp","href":"https:\/\/api.w.org\/{rel}","templated":true}]}}