{"id":50664,"date":"2024-11-19T13:26:28","date_gmt":"2024-11-19T19:26:28","guid":{"rendered":"https:\/\/politicosaldesnudo.com.mx\/?p=50664"},"modified":"2024-11-19T13:26:28","modified_gmt":"2024-11-19T19:26:28","slug":"familias-podran-registrarse-este-miercoles-en-el-programa-de-abasto-social-de-leche-a-bajo-costo","status":"publish","type":"post","link":"https:\/\/politicosaldesnudo.com.mx\/index.php\/2024\/11\/19\/familias-podran-registrarse-este-miercoles-en-el-programa-de-abasto-social-de-leche-a-bajo-costo\/","title":{"rendered":"Familias podr\u00e1n registrarse este mi\u00e9rcoles en el Programa de Abasto Social de Leche a bajo costo"},"content":{"rendered":"<div style=\"width: 656px;\" class=\"wp-video\"><video class=\"wp-video-shortcode\" id=\"video-50664-1\" width=\"656\" height=\"864\" preload=\"metadata\" controls=\"controls\"><source type=\"video\/mp4\" src=\"https:\/\/politicosaldesnudo.com.mx\/wp-content\/uploads\/2024\/11\/WhatsApp-Video-2024-11-19-at-12.06.28.mp4?_=1\" \/><a href=\"https:\/\/politicosaldesnudo.com.mx\/wp-content\/uploads\/2024\/11\/WhatsApp-Video-2024-11-19-at-12.06.28.mp4\">https:\/\/politicosaldesnudo.com.mx\/wp-content\/uploads\/2024\/11\/WhatsApp-Video-2024-11-19-at-12.06.28.mp4<\/a><\/video><\/div>\n<p><span style=\"font-size: 14pt;\">El H. Ayuntamiento de Tuxpan a trav\u00e9s de la Direcci\u00f3n de Desarrollo Social, en coordinaci\u00f3n con Liconsa, invita a la ciudadan\u00eda a inscribirse al Programa de Abasto Social de Leche a bajo costo.<\/span><\/p>\n<p><span style=\"font-size: 14pt;\">El registro se llevar\u00e1 a cabo este mi\u00e9rcoles 20 de noviembre, de 9:00 a 14:00 horas, en la Sala Anexa de Cultura, ubicada en la planta baja de la biblioteca municipal, en el Parque Reforma.<\/span><\/p>\n<p><span style=\"font-size: 14pt;\">Inscr\u00edbete para que tu familia sea beneficiada con este programa.<\/span><\/p>\n","protected":false},"excerpt":{"rendered":"<p>El H. Ayuntamiento de Tuxpan a trav\u00e9s de la Direcci\u00f3n de Desarrollo Social, en coordinaci\u00f3n con Liconsa, invita a la<\/p>\n","protected":false},"author":4,"featured_media":50666,"comment_status":"closed","ping_status":"closed","sticky":false,"template":"","format":"standard","meta":{"colormag_page_container_layout":"default_layout","colormag_page_sidebar_layout":"default_layout","_jetpack_memberships_contains_paid_content":false,"footnotes":"","jetpack_publicize_message":"","jetpack_publicize_feature_enabled":true,"jetpack_social_post_already_shared":false,"jetpack_social_options":{"image_generator_settings":{"template":"highway","default_image_id":0,"font":"","enabled":false},"version":2}},"categories":[3205,1082],"tags":[],"class_list":["post-50664","post","type-post","status-publish","format-standard","has-post-thumbnail","hentry","category-gobierno-tuxpan","category-tuxpan"],"jetpack_publicize_connections":[],"jetpack_featured_media_url":"https:\/\/i0.wp.com\/politicosaldesnudo.com.mx\/wp-content\/uploads\/2024\/11\/Abasto-Social-de-Leche-a-bajo-costo-portada-.jpg?fit=1200%2C630&ssl=1","jetpack-related-posts":[],"jetpack_sharing_enabled":true,"_links":{"self":[{"href":"https:\/\/politicosaldesnudo.com.mx\/index.php\/wp-json\/wp\/v2\/posts\/50664","targetHints":{"allow":["GET"]}}],"collection":[{"href":"https:\/\/politicosaldesnudo.com.mx\/index.php\/wp-json\/wp\/v2\/posts"}],"about":[{"href":"https:\/\/politicosaldesnudo.com.mx\/index.php\/wp-json\/wp\/v2\/types\/post"}],"author":[{"embeddable":true,"href":"https:\/\/politicosaldesnudo.com.mx\/index.php\/wp-json\/wp\/v2\/users\/4"}],"replies":[{"embeddable":true,"href":"https:\/\/politicosaldesnudo.com.mx\/index.php\/wp-json\/wp\/v2\/comments?post=50664"}],"version-history":[{"count":0,"href":"https:\/\/politicosaldesnudo.com.mx\/index.php\/wp-json\/wp\/v2\/posts\/50664\/revisions"}],"wp:featuredmedia":[{"embeddable":true,"href":"https:\/\/politicosaldesnudo.com.mx\/index.php\/wp-json\/wp\/v2\/media\/50666"}],"wp:attachment":[{"href":"https:\/\/politicosaldesnudo.com.mx\/index.php\/wp-json\/wp\/v2\/media?parent=50664"}],"wp:term":[{"taxonomy":"category","embeddable":true,"href":"https:\/\/politicosaldesnudo.com.mx\/index.php\/wp-json\/wp\/v2\/categories?post=50664"},{"taxonomy":"post_tag","embeddable":true,"href":"https:\/\/politicosaldesnudo.com.mx\/index.php\/wp-json\/wp\/v2\/tags?post=50664"}],"curies":[{"name":"wp","href":"https:\/\/api.w.org\/{rel}","templated":true}]}}