{"id":50714,"date":"2024-11-20T00:15:32","date_gmt":"2024-11-20T06:15:32","guid":{"rendered":"https:\/\/politicosaldesnudo.com.mx\/?p=50714"},"modified":"2024-11-19T22:55:25","modified_gmt":"2024-11-20T04:55:25","slug":"senado-impulsa-dialogo-para-construir-leyes-secundarias-a-favor-de-la-igualdad-sustantiva","status":"publish","type":"post","link":"https:\/\/politicosaldesnudo.com.mx\/index.php\/2024\/11\/20\/senado-impulsa-dialogo-para-construir-leyes-secundarias-a-favor-de-la-igualdad-sustantiva\/","title":{"rendered":"Senado impulsa di\u00e1logo para construir leyes secundarias a favor de la igualdad sustantiva"},"content":{"rendered":"<p><span style=\"font-size: 14pt;\">El\u00a0Senado de la Rep\u00fablica\u00a0abri\u00f3\u00a0este martes un espacio de\u00a0di\u00e1logo con especialistas y\u00a0representantes de la\u00a0sociedad civil\u00a0para\u00a0definir\u00a0las\u00a0bases de las leyes secundarias\u00a0que dar\u00e1n\u00a0forma\u00a0a las recientes\u00a0reformas\u00a0constitucionales impulsadas por la presidenta Claudia Sheinbaum. Estas modificaciones buscan\u00a0garantizar la\u00a0igualdad sustantiva, erradicar la violencia de g\u00e9nero y cerrar la brecha salarial\u00a0entre hombres y mujeres.<\/span><\/p>\n<p><span style=\"font-size: 14pt;\">El foro, titulado\u00a0Hacia la Igualdad Sustantiva: Propuestas Legislativas para Construir las Leyes Secundarias, tuvo lugar en la hist\u00f3rica Casona de Xicot\u00e9ncatl, donde\u00a0legisladores, activistas y expertos\u00a0discutieron\u00a0c\u00f3mo transformar\u00a0los\u00a0principios constitucionales en normas claras\u00a0y aplicables que\u00a0respondan\u00a0a las\u00a0necesidades\u00a0de las\u00a0mujeres\u00a0mexicanas.<\/span><\/p>\n<h2><span style=\"font-size: 14pt;\">\u00bfCu\u00e1l fue el prop\u00f3sito del foro?<\/span><\/h2>\n<p><span style=\"font-size: 14pt;\">El principal objetivo del encuentro fue\u00a0recoger propuestas concretas\u00a0para enriquecer las\u00a0leyes secundarias\u00a0derivadas de la\u00a0reforma\u00a0en\u00a0igualdad sustantiva.\u00a0Estas incluyen aspectos esenciales como el\u00a0combate a la brecha salarial,\u00a0la implementaci\u00f3n de\u00a0perspectiva de g\u00e9nero en todas las pol\u00edticas p\u00fablicas\u00a0y la\u00a0creaci\u00f3n de fiscal\u00edas especializadas\u00a0para atender casos de violencia contra las mujeres.<\/span><\/p>\n<p><span style=\"font-size: 14pt;\">La senadora Mal\u00fa Micher, organizadora del foro, destac\u00f3 la importancia de este ejercicio participativo. \u201cLas\u00a0leyes deben responder a las necesidades\u00a0reales de las\u00a0mujeres\u00a0y garantizar un marco normativo que no deje lugar a interpretaciones ambiguas\u201d, se\u00f1al\u00f3.<\/span><\/p>\n","protected":false},"excerpt":{"rendered":"<p>El\u00a0Senado de la Rep\u00fablica\u00a0abri\u00f3\u00a0este martes un espacio de\u00a0di\u00e1logo con especialistas y\u00a0representantes de la\u00a0sociedad civil\u00a0para\u00a0definir\u00a0las\u00a0bases de las leyes secundarias\u00a0que dar\u00e1n\u00a0forma\u00a0a las<\/p>\n","protected":false},"author":4,"featured_media":50715,"comment_status":"closed","ping_status":"closed","sticky":false,"template":"","format":"standard","meta":{"colormag_page_container_layout":"default_layout","colormag_page_sidebar_layout":"default_layout","_jetpack_memberships_contains_paid_content":false,"footnotes":"","jetpack_publicize_message":"","jetpack_publicize_feature_enabled":true,"jetpack_social_post_already_shared":false,"jetpack_social_options":{"image_generator_settings":{"template":"highway","default_image_id":0,"font":"","enabled":false},"version":2}},"categories":[33],"tags":[],"class_list":["post-50714","post","type-post","status-publish","format-standard","has-post-thumbnail","hentry","category-nacional"],"jetpack_publicize_connections":[],"jetpack_featured_media_url":"https:\/\/i0.wp.com\/politicosaldesnudo.com.mx\/wp-content\/uploads\/2024\/11\/Senado-1.jpg?fit=768%2C479&ssl=1","jetpack-related-posts":[],"jetpack_sharing_enabled":true,"_links":{"self":[{"href":"https:\/\/politicosaldesnudo.com.mx\/index.php\/wp-json\/wp\/v2\/posts\/50714","targetHints":{"allow":["GET"]}}],"collection":[{"href":"https:\/\/politicosaldesnudo.com.mx\/index.php\/wp-json\/wp\/v2\/posts"}],"about":[{"href":"https:\/\/politicosaldesnudo.com.mx\/index.php\/wp-json\/wp\/v2\/types\/post"}],"author":[{"embeddable":true,"href":"https:\/\/politicosaldesnudo.com.mx\/index.php\/wp-json\/wp\/v2\/users\/4"}],"replies":[{"embeddable":true,"href":"https:\/\/politicosaldesnudo.com.mx\/index.php\/wp-json\/wp\/v2\/comments?post=50714"}],"version-history":[{"count":0,"href":"https:\/\/politicosaldesnudo.com.mx\/index.php\/wp-json\/wp\/v2\/posts\/50714\/revisions"}],"wp:featuredmedia":[{"embeddable":true,"href":"https:\/\/politicosaldesnudo.com.mx\/index.php\/wp-json\/wp\/v2\/media\/50715"}],"wp:attachment":[{"href":"https:\/\/politicosaldesnudo.com.mx\/index.php\/wp-json\/wp\/v2\/media?parent=50714"}],"wp:term":[{"taxonomy":"category","embeddable":true,"href":"https:\/\/politicosaldesnudo.com.mx\/index.php\/wp-json\/wp\/v2\/categories?post=50714"},{"taxonomy":"post_tag","embeddable":true,"href":"https:\/\/politicosaldesnudo.com.mx\/index.php\/wp-json\/wp\/v2\/tags?post=50714"}],"curies":[{"name":"wp","href":"https:\/\/api.w.org\/{rel}","templated":true}]}}