{"id":50717,"date":"2024-11-20T00:16:37","date_gmt":"2024-11-20T06:16:37","guid":{"rendered":"https:\/\/politicosaldesnudo.com.mx\/?p=50717"},"modified":"2024-11-19T22:57:34","modified_gmt":"2024-11-20T04:57:34","slug":"alista-gobierno-de-acapulco-nuevas-normas-de-construccion-y-planeacion-urbana","status":"publish","type":"post","link":"https:\/\/politicosaldesnudo.com.mx\/index.php\/2024\/11\/20\/alista-gobierno-de-acapulco-nuevas-normas-de-construccion-y-planeacion-urbana\/","title":{"rendered":"Alista gobierno de Acapulco nuevas normas de construcci\u00f3n y planeaci\u00f3n urbana"},"content":{"rendered":"<div>\n<div id=\"content-body-225-12895145\">\n<p><span style=\"font-size: 14pt;\">Durante la instalaci\u00f3n del Consejo Municipal de Desarrollo Urbano y Vivienda, la presidenta municipal de Acapulco, Abelina L\u00f3pez Rodr\u00edguez, anunci\u00f3 la implementaci\u00f3n de\u00a0nuevas reglas de construcci\u00f3n para la ciudad, esto tras los da\u00f1os causados por los huracanes \u00abOtis\u00bb y \u00abJohn\u00bb.<\/span><\/p>\n<p><span style=\"font-size: 14pt;\">Durante la presentaci\u00f3n del nuevo consejo, la edil enfatiz\u00f3 que el impacto de los recientes fen\u00f3menos hidrometeorol\u00f3gicos marca un antes y un despu\u00e9s en la planeaci\u00f3n urbana, y acus\u00f3 que la corrupci\u00f3n y la emisi\u00f3n de permisos en zonas inadecuadas, como los humedales de la zona Diamante, han contribuido a las inundaciones y complicaciones actuales.<\/span><\/p>\n<\/div>\n<\/div>\n<div><\/div>\n<article>\n<div id=\"content-body-5851641-12895145\">\n<p><span style=\"font-size: 14pt;\">L\u00f3pez Rodr\u00edguez subray\u00f3 la necesidad de un enfoque en desarrollo urbano seguro y sustentable para prevenir desastres futuros. \u00abHoy estamos pagando\u00a0los costos de la anarqu\u00eda que ha vivido esta ciudad, no es nada ajeno las inundaciones en la zona Diamante\u00bb, apunt\u00f3 la alcaldesa.<\/span><\/p>\n<p><span style=\"font-size: 14pt;\">De acuerdo a la funcionaria, el nuevo consejo ser\u00e1 liderado por Mar\u00eda Melida Campos Garc\u00eda, secretaria de Desarrollo Urbano y Obras P\u00fablicas de Acapulco, quien abordar\u00e1 el uso de suelo y la integraci\u00f3n de normas que consideren el cambio clim\u00e1tico y las condiciones del terreno.<\/span><\/p>\n<\/div>\n<\/article>\n","protected":false},"excerpt":{"rendered":"<p>Durante la instalaci\u00f3n del Consejo Municipal de Desarrollo Urbano y Vivienda, la presidenta municipal de Acapulco, Abelina L\u00f3pez Rodr\u00edguez, anunci\u00f3<\/p>\n","protected":false},"author":4,"featured_media":50718,"comment_status":"closed","ping_status":"closed","sticky":false,"template":"","format":"standard","meta":{"colormag_page_container_layout":"default_layout","colormag_page_sidebar_layout":"default_layout","_jetpack_memberships_contains_paid_content":false,"footnotes":"","jetpack_publicize_message":"","jetpack_publicize_feature_enabled":true,"jetpack_social_post_already_shared":false,"jetpack_social_options":{"image_generator_settings":{"template":"highway","default_image_id":0,"font":"","enabled":false},"version":2}},"categories":[1],"tags":[],"class_list":["post-50717","post","type-post","status-publish","format-standard","has-post-thumbnail","hentry","category-sin-categoria"],"jetpack_publicize_connections":[],"jetpack_featured_media_url":"https:\/\/i0.wp.com\/politicosaldesnudo.com.mx\/wp-content\/uploads\/2024\/11\/Alista-gobierno-de-Acapulco-nuevas-normas-de-construccion-y-planeacion-urbana.jpg?fit=768%2C479&ssl=1","jetpack-related-posts":[],"jetpack_sharing_enabled":true,"_links":{"self":[{"href":"https:\/\/politicosaldesnudo.com.mx\/index.php\/wp-json\/wp\/v2\/posts\/50717","targetHints":{"allow":["GET"]}}],"collection":[{"href":"https:\/\/politicosaldesnudo.com.mx\/index.php\/wp-json\/wp\/v2\/posts"}],"about":[{"href":"https:\/\/politicosaldesnudo.com.mx\/index.php\/wp-json\/wp\/v2\/types\/post"}],"author":[{"embeddable":true,"href":"https:\/\/politicosaldesnudo.com.mx\/index.php\/wp-json\/wp\/v2\/users\/4"}],"replies":[{"embeddable":true,"href":"https:\/\/politicosaldesnudo.com.mx\/index.php\/wp-json\/wp\/v2\/comments?post=50717"}],"version-history":[{"count":0,"href":"https:\/\/politicosaldesnudo.com.mx\/index.php\/wp-json\/wp\/v2\/posts\/50717\/revisions"}],"wp:featuredmedia":[{"embeddable":true,"href":"https:\/\/politicosaldesnudo.com.mx\/index.php\/wp-json\/wp\/v2\/media\/50718"}],"wp:attachment":[{"href":"https:\/\/politicosaldesnudo.com.mx\/index.php\/wp-json\/wp\/v2\/media?parent=50717"}],"wp:term":[{"taxonomy":"category","embeddable":true,"href":"https:\/\/politicosaldesnudo.com.mx\/index.php\/wp-json\/wp\/v2\/categories?post=50717"},{"taxonomy":"post_tag","embeddable":true,"href":"https:\/\/politicosaldesnudo.com.mx\/index.php\/wp-json\/wp\/v2\/tags?post=50717"}],"curies":[{"name":"wp","href":"https:\/\/api.w.org\/{rel}","templated":true}]}}