{"id":50812,"date":"2024-11-21T15:15:17","date_gmt":"2024-11-21T21:15:17","guid":{"rendered":"https:\/\/politicosaldesnudo.com.mx\/?p=50812"},"modified":"2024-11-21T15:15:17","modified_gmt":"2024-11-21T21:15:17","slug":"manana-llegan-las-reliquias-de-san-judas-tadeo-a-tuxpan","status":"publish","type":"post","link":"https:\/\/politicosaldesnudo.com.mx\/index.php\/2024\/11\/21\/manana-llegan-las-reliquias-de-san-judas-tadeo-a-tuxpan\/","title":{"rendered":"Ma\u00f1ana llegan las reliquias de San Judas Tadeo a Tuxpan"},"content":{"rendered":"<p><span style=\"font-size: 14pt;\">El H. Ayuntamiento de Tuxpan informa que con motivo de la visita de la Reliquia de San Judas Tadeo a la ciudad, la Direcci\u00f3n de Tr\u00e1nsito Municipal implementar\u00e1 un dispositivo vial y de seguridad para salvaguardar la integridad de los feligreses que acudir\u00e1n a la catedral Nuestra Se\u00f1ora de la Asunci\u00f3n.<\/span><\/p>\n<p><span style=\"font-size: 14pt;\">El operativo incluye el cierre de las calles Escuela M\u00e9dico Militar y Garizurieta (entre la Av. Ju\u00e1rez y el bulevar Jes\u00fas Reyes Heroles) a partir de las 8:00 de la ma\u00f1ana del viernes 22 de noviembre, reabriendo la circulaci\u00f3n el s\u00e1bado 23 a las 7:00 a.m.<\/span><\/p>\n<p><span style=\"font-size: 14pt;\">Se agradece su comprensi\u00f3n y se les invita a planificar con anticipaci\u00f3n sus traslados utilizando rutas alternas para evitar contratiempos.<\/span><\/p>\n<p><img data-recalc-dims=\"1\" loading=\"lazy\" decoding=\"async\" class=\"aligncenter size-large wp-image-50813\" src=\"https:\/\/i0.wp.com\/politicosaldesnudo.com.mx\/wp-content\/uploads\/2024\/11\/WhatsApp-Image-2024-11-21-at-10.00.46-1024x858.jpeg?resize=800%2C670&#038;ssl=1\" alt=\"\" width=\"800\" height=\"670\" srcset=\"https:\/\/i0.wp.com\/politicosaldesnudo.com.mx\/wp-content\/uploads\/2024\/11\/WhatsApp-Image-2024-11-21-at-10.00.46.jpeg?resize=1024%2C858&amp;ssl=1 1024w, https:\/\/i0.wp.com\/politicosaldesnudo.com.mx\/wp-content\/uploads\/2024\/11\/WhatsApp-Image-2024-11-21-at-10.00.46.jpeg?resize=300%2C251&amp;ssl=1 300w, https:\/\/i0.wp.com\/politicosaldesnudo.com.mx\/wp-content\/uploads\/2024\/11\/WhatsApp-Image-2024-11-21-at-10.00.46.jpeg?resize=768%2C644&amp;ssl=1 768w, https:\/\/i0.wp.com\/politicosaldesnudo.com.mx\/wp-content\/uploads\/2024\/11\/WhatsApp-Image-2024-11-21-at-10.00.46.jpeg?resize=1536%2C1287&amp;ssl=1 1536w, https:\/\/i0.wp.com\/politicosaldesnudo.com.mx\/wp-content\/uploads\/2024\/11\/WhatsApp-Image-2024-11-21-at-10.00.46.jpeg?w=1600&amp;ssl=1 1600w\" sizes=\"auto, (max-width: 800px) 100vw, 800px\" \/><\/p>\n","protected":false},"excerpt":{"rendered":"<p>El H. Ayuntamiento de Tuxpan informa que con motivo de la visita de la Reliquia de San Judas Tadeo a<\/p>\n","protected":false},"author":4,"featured_media":50813,"comment_status":"closed","ping_status":"closed","sticky":false,"template":"","format":"standard","meta":{"colormag_page_container_layout":"default_layout","colormag_page_sidebar_layout":"default_layout","_jetpack_memberships_contains_paid_content":false,"footnotes":"","jetpack_publicize_message":"","jetpack_publicize_feature_enabled":true,"jetpack_social_post_already_shared":false,"jetpack_social_options":{"image_generator_settings":{"template":"highway","default_image_id":0,"font":"","enabled":false},"version":2}},"categories":[3205,1082],"tags":[],"class_list":["post-50812","post","type-post","status-publish","format-standard","has-post-thumbnail","hentry","category-gobierno-tuxpan","category-tuxpan"],"jetpack_publicize_connections":[],"jetpack_featured_media_url":"https:\/\/i0.wp.com\/politicosaldesnudo.com.mx\/wp-content\/uploads\/2024\/11\/WhatsApp-Image-2024-11-21-at-10.00.46.jpeg?fit=1600%2C1341&ssl=1","jetpack-related-posts":[],"jetpack_sharing_enabled":true,"_links":{"self":[{"href":"https:\/\/politicosaldesnudo.com.mx\/index.php\/wp-json\/wp\/v2\/posts\/50812","targetHints":{"allow":["GET"]}}],"collection":[{"href":"https:\/\/politicosaldesnudo.com.mx\/index.php\/wp-json\/wp\/v2\/posts"}],"about":[{"href":"https:\/\/politicosaldesnudo.com.mx\/index.php\/wp-json\/wp\/v2\/types\/post"}],"author":[{"embeddable":true,"href":"https:\/\/politicosaldesnudo.com.mx\/index.php\/wp-json\/wp\/v2\/users\/4"}],"replies":[{"embeddable":true,"href":"https:\/\/politicosaldesnudo.com.mx\/index.php\/wp-json\/wp\/v2\/comments?post=50812"}],"version-history":[{"count":0,"href":"https:\/\/politicosaldesnudo.com.mx\/index.php\/wp-json\/wp\/v2\/posts\/50812\/revisions"}],"wp:featuredmedia":[{"embeddable":true,"href":"https:\/\/politicosaldesnudo.com.mx\/index.php\/wp-json\/wp\/v2\/media\/50813"}],"wp:attachment":[{"href":"https:\/\/politicosaldesnudo.com.mx\/index.php\/wp-json\/wp\/v2\/media?parent=50812"}],"wp:term":[{"taxonomy":"category","embeddable":true,"href":"https:\/\/politicosaldesnudo.com.mx\/index.php\/wp-json\/wp\/v2\/categories?post=50812"},{"taxonomy":"post_tag","embeddable":true,"href":"https:\/\/politicosaldesnudo.com.mx\/index.php\/wp-json\/wp\/v2\/tags?post=50812"}],"curies":[{"name":"wp","href":"https:\/\/api.w.org\/{rel}","templated":true}]}}