{"id":50895,"date":"2024-11-23T00:04:37","date_gmt":"2024-11-23T06:04:37","guid":{"rendered":"https:\/\/politicosaldesnudo.com.mx\/?p=50895"},"modified":"2024-11-22T18:35:47","modified_gmt":"2024-11-23T00:35:47","slug":"kiev-acusa-a-moscu-de-disparar-un-misil-intercontinental-contra-ucrania","status":"publish","type":"post","link":"https:\/\/politicosaldesnudo.com.mx\/index.php\/2024\/11\/23\/kiev-acusa-a-moscu-de-disparar-un-misil-intercontinental-contra-ucrania\/","title":{"rendered":"Kiev acusa a Mosc\u00fa de disparar un misil intercontinental contra Ucrania"},"content":{"rendered":"<p><span style=\"font-size: 14pt;\">Ucrania\u00a0acus\u00f3 el jueves a Rusia de haber disparado por primera vez un\u00a0misil intercontinental contra su territorio, utilizando esta arma capaz de transportar una ojiva nuclear sin una carga at\u00f3mica, en plena escalada en el conflicto.<\/span><\/p>\n<p><span style=\"font-size: 14pt;\">El Kremlin rechaz\u00f3 comentar la denuncia ucraniana.<\/span><\/p>\n<p><span style=\"font-size: 14pt;\">\u00abUn misil bal\u00edstico intercontinental fue disparado desde la regi\u00f3n rusa de Astrac\u00e1n\u00bb en un ataque contra la ciudad de Dnipr\u00f3, en el centro este de Ucrania, indic\u00f3 la fuerza a\u00e9rea en un comunicado.<\/span><\/p>\n<p><span style=\"font-size: 14pt;\">Es la primera vez que Mosc\u00fa utiliza este tipo de armas desde la\u00a0invasi\u00f3n de Ucrania\u00a0en 2022, confirm\u00f3 a AFP una fuente militar. La fuente agreg\u00f3 que es \u00abobvio\u00bb que\u00a0el misil, dise\u00f1ado para transportar ojivas convencionales y nucleares, no llevaba una carga nuclear.<\/span><\/p>\n<p><span style=\"font-size: 14pt;\">Consultado si\u00a0Mosc\u00fa\u00a0hab\u00eda disparado el misil, capaz de alcanzar objetivos a miles de kil\u00f3metros de distancia, el portavoz del Kremlin, Dmitry Peskov, dijo no tener \u00abnada qu\u00e9 decir sobre este tema\u00bb.<\/span><\/p>\n<p><span style=\"font-size: 14pt;\">No obstante,\u00a0Peskov asegur\u00f3 que Rusia har\u00e1 el \u00abm\u00e1ximo esfuerzo\u00bb por impedir una guerra nuclear.<\/span><\/p>\n<p><span style=\"font-size: 14pt;\">Mosc\u00fa actualiz\u00f3 esta semana su doctrina nuclear, que ahora le permite utilizar armas nucleares contra pa\u00edses que no poseen este tipo de armas, se\u00f1alando que es una advertencia a Occidente.<\/span><\/p>\n","protected":false},"excerpt":{"rendered":"<p>Ucrania\u00a0acus\u00f3 el jueves a Rusia de haber disparado por primera vez un\u00a0misil intercontinental contra su territorio, utilizando esta arma capaz<\/p>\n","protected":false},"author":4,"featured_media":50896,"comment_status":"closed","ping_status":"closed","sticky":false,"template":"","format":"standard","meta":{"colormag_page_container_layout":"default_layout","colormag_page_sidebar_layout":"default_layout","_jetpack_memberships_contains_paid_content":false,"footnotes":"","jetpack_publicize_message":"","jetpack_publicize_feature_enabled":true,"jetpack_social_post_already_shared":false,"jetpack_social_options":{"image_generator_settings":{"template":"highway","default_image_id":0,"font":"","enabled":false},"version":2}},"categories":[28],"tags":[],"class_list":["post-50895","post","type-post","status-publish","format-standard","has-post-thumbnail","hentry","category-internacional"],"jetpack_publicize_connections":[],"jetpack_featured_media_url":"https:\/\/i0.wp.com\/politicosaldesnudo.com.mx\/wp-content\/uploads\/2024\/11\/Ucrania-Rusia-guerra-2.jpg?fit=768%2C479&ssl=1","jetpack-related-posts":[],"jetpack_sharing_enabled":true,"_links":{"self":[{"href":"https:\/\/politicosaldesnudo.com.mx\/index.php\/wp-json\/wp\/v2\/posts\/50895","targetHints":{"allow":["GET"]}}],"collection":[{"href":"https:\/\/politicosaldesnudo.com.mx\/index.php\/wp-json\/wp\/v2\/posts"}],"about":[{"href":"https:\/\/politicosaldesnudo.com.mx\/index.php\/wp-json\/wp\/v2\/types\/post"}],"author":[{"embeddable":true,"href":"https:\/\/politicosaldesnudo.com.mx\/index.php\/wp-json\/wp\/v2\/users\/4"}],"replies":[{"embeddable":true,"href":"https:\/\/politicosaldesnudo.com.mx\/index.php\/wp-json\/wp\/v2\/comments?post=50895"}],"version-history":[{"count":0,"href":"https:\/\/politicosaldesnudo.com.mx\/index.php\/wp-json\/wp\/v2\/posts\/50895\/revisions"}],"wp:featuredmedia":[{"embeddable":true,"href":"https:\/\/politicosaldesnudo.com.mx\/index.php\/wp-json\/wp\/v2\/media\/50896"}],"wp:attachment":[{"href":"https:\/\/politicosaldesnudo.com.mx\/index.php\/wp-json\/wp\/v2\/media?parent=50895"}],"wp:term":[{"taxonomy":"category","embeddable":true,"href":"https:\/\/politicosaldesnudo.com.mx\/index.php\/wp-json\/wp\/v2\/categories?post=50895"},{"taxonomy":"post_tag","embeddable":true,"href":"https:\/\/politicosaldesnudo.com.mx\/index.php\/wp-json\/wp\/v2\/tags?post=50895"}],"curies":[{"name":"wp","href":"https:\/\/api.w.org\/{rel}","templated":true}]}}