{"id":50907,"date":"2024-11-23T00:08:50","date_gmt":"2024-11-23T06:08:50","guid":{"rendered":"https:\/\/politicosaldesnudo.com.mx\/?p=50907"},"modified":"2024-11-22T18:59:23","modified_gmt":"2024-11-23T00:59:23","slug":"acapulco-reestructura-su-deuda-para-mayor-flexibilidad-financiera-2","status":"publish","type":"post","link":"https:\/\/politicosaldesnudo.com.mx\/index.php\/2024\/11\/23\/acapulco-reestructura-su-deuda-para-mayor-flexibilidad-financiera-2\/","title":{"rendered":"Acapulco reestructura su deuda para mayor flexibilidad financiera"},"content":{"rendered":"<p><span style=\"font-size: 14pt;\">Acapulco de Ju\u00e1rez reestructur\u00f3 su deuda por un monto total de 206.7 millones de pesos, con fecha de vencimiento a octubre del 2034, a fin de que la administraci\u00f3n tenga mayor flexibilidad financiera en el manejo de recursos, principalmente del Fondo General de Participaciones y del Fondo del Fomento Municipal, dijo en entrevista con El Economista, Carlos Armando Morill\u00f3n, secretario de Administraci\u00f3n y Finanzas del municipio.\u00a0<\/span><\/p>\n<p><span style=\"font-size: 14pt;\">Entre las ventajas de la reestructuraci\u00f3n est\u00e1 la reducci\u00f3n de la sobretasa de inter\u00e9s, que era la Tasa de Inter\u00e9s Interbancaria de Equilibrio (TIIE) m\u00e1s 2.5%, la cual baj\u00f3 a 1.0%, que se traduce en el ahorro de 2.7 millones de pesos anuales en pago de intereses durante el primer a\u00f1o.<\/span><\/p>\n<p><span style=\"font-size: 14pt;\">Uno de los objetivos del segundo periodo de la administraci\u00f3n, se\u00f1al\u00f3 Morill\u00f3n, es lograr la sostenibilidad financiera, garantizando que el municipio mejore en su capacidad de pago, inversi\u00f3n y colocaci\u00f3n de los recursos del municipio, y que el efecto sea ben\u00e9fico a largo plazo.<\/span><\/p>\n<p><span style=\"font-size: 14pt;\">Durante la administraci\u00f3n anterior los ingresos propios del municipio tuvieron una recaudaci\u00f3n satisfactoria con cifras superiores a lo estimado; para el 2023 la meta fue de 1,500 millones de pesos, \u201ca septiembre ya ten\u00edamos recaudado 90% y fue lo que nos permiti\u00f3, al cierre de ese ejercicio, poder hacer frente a las obligaciones y compromisos que ten\u00edamos\u201d, ya que el hurac\u00e1n Otis signific\u00f3 un golpe econ\u00f3mico y financiero certero \u201cpero ten\u00edamos un colchoncito derivado de la muy buena recaudaci\u00f3n que ten\u00edamos\u201d, agreg\u00f3.<\/span><\/p>\n","protected":false},"excerpt":{"rendered":"<p>Acapulco de Ju\u00e1rez reestructur\u00f3 su deuda por un monto total de 206.7 millones de pesos, con fecha de vencimiento a<\/p>\n","protected":false},"author":4,"featured_media":50908,"comment_status":"closed","ping_status":"closed","sticky":false,"template":"","format":"standard","meta":{"colormag_page_container_layout":"default_layout","colormag_page_sidebar_layout":"default_layout","_jetpack_memberships_contains_paid_content":false,"footnotes":"","jetpack_publicize_message":"","jetpack_publicize_feature_enabled":true,"jetpack_social_post_already_shared":false,"jetpack_social_options":{"image_generator_settings":{"template":"highway","default_image_id":0,"font":"","enabled":false},"version":2}},"categories":[30],"tags":[],"class_list":["post-50907","post","type-post","status-publish","format-standard","has-post-thumbnail","hentry","category-estados"],"jetpack_publicize_connections":[],"jetpack_featured_media_url":"https:\/\/i0.wp.com\/politicosaldesnudo.com.mx\/wp-content\/uploads\/2024\/11\/66e813e00da70-1.jpeg?fit=1280%2C720&ssl=1","jetpack-related-posts":[],"jetpack_sharing_enabled":true,"_links":{"self":[{"href":"https:\/\/politicosaldesnudo.com.mx\/index.php\/wp-json\/wp\/v2\/posts\/50907","targetHints":{"allow":["GET"]}}],"collection":[{"href":"https:\/\/politicosaldesnudo.com.mx\/index.php\/wp-json\/wp\/v2\/posts"}],"about":[{"href":"https:\/\/politicosaldesnudo.com.mx\/index.php\/wp-json\/wp\/v2\/types\/post"}],"author":[{"embeddable":true,"href":"https:\/\/politicosaldesnudo.com.mx\/index.php\/wp-json\/wp\/v2\/users\/4"}],"replies":[{"embeddable":true,"href":"https:\/\/politicosaldesnudo.com.mx\/index.php\/wp-json\/wp\/v2\/comments?post=50907"}],"version-history":[{"count":0,"href":"https:\/\/politicosaldesnudo.com.mx\/index.php\/wp-json\/wp\/v2\/posts\/50907\/revisions"}],"wp:featuredmedia":[{"embeddable":true,"href":"https:\/\/politicosaldesnudo.com.mx\/index.php\/wp-json\/wp\/v2\/media\/50908"}],"wp:attachment":[{"href":"https:\/\/politicosaldesnudo.com.mx\/index.php\/wp-json\/wp\/v2\/media?parent=50907"}],"wp:term":[{"taxonomy":"category","embeddable":true,"href":"https:\/\/politicosaldesnudo.com.mx\/index.php\/wp-json\/wp\/v2\/categories?post=50907"},{"taxonomy":"post_tag","embeddable":true,"href":"https:\/\/politicosaldesnudo.com.mx\/index.php\/wp-json\/wp\/v2\/tags?post=50907"}],"curies":[{"name":"wp","href":"https:\/\/api.w.org\/{rel}","templated":true}]}}