{"id":50916,"date":"2024-11-23T00:11:28","date_gmt":"2024-11-23T06:11:28","guid":{"rendered":"https:\/\/politicosaldesnudo.com.mx\/?p=50916"},"modified":"2024-11-22T19:04:58","modified_gmt":"2024-11-23T01:04:58","slug":"presupuesto-2025-cubre-todas-las-necesidades-asegura-ramirez-de-la-o","status":"publish","type":"post","link":"https:\/\/politicosaldesnudo.com.mx\/index.php\/2024\/11\/23\/presupuesto-2025-cubre-todas-las-necesidades-asegura-ramirez-de-la-o\/","title":{"rendered":"Presupuesto 2025 cubre todas las necesidades, asegura Ram\u00edrez de la O"},"content":{"rendered":"<p><span style=\"font-size: 14pt;\">El presupuesto que se plantea para el 2025 cubre todas las necesidades que se tienen, asegur\u00f3\u00a0Rogelio Ram\u00edrez de la O, titular de la Secretar\u00eda de Hacienda y Cr\u00e9dito P\u00fablico (SHCP).\u00a0\u00a0<\/span><\/p>\n<p><span style=\"font-size: 14pt;\">Durante la ma\u00f1anera de la presidenta Claudia Sheinbaum, Ram\u00edrez de la O record\u00f3 que para el siguiente a\u00f1o se propone en el\u00a0Proyecto de Presupuesto de Egresos de la Federaci\u00f3n\u00a0(PPEF) 2025 ser\u00e1 de 9.22 billones de pesos, lo que representa una reducci\u00f3n de 1.9% en comparaci\u00f3n con lo aprobado para este a\u00f1o.<\/span><\/p>\n<p><span style=\"font-size: 14pt;\">\u201cEl presupuesto est\u00e1 cubriendo todas las necesidades que tenemos en el sector p\u00fablico, en el sector social, en el sector de infraestructura; y est\u00e1 tambi\u00e9n garantizando el pago de intereses de la deuda, el pago del servicio de la deuda, el pago de entidades, aportaciones a participaciones federales a las entidades federativas, y todo el conjunto de obligaciones que tenemos en el sector presupuestal\u201d, dijo.<\/span><\/p>\n<p><span style=\"font-size: 14pt;\">Record\u00f3 que del monto total del gasto p\u00fablico, 6.5 billones de pesos estar\u00e1n orientados al gasto programable, que es el que se destina a proveer servicios a la poblaci\u00f3n, mientras que lo restante se ir\u00e1 al pago de la deuda, participaciones, entre otros.<\/span><\/p>\n","protected":false},"excerpt":{"rendered":"<p>El presupuesto que se plantea para el 2025 cubre todas las necesidades que se tienen, asegur\u00f3\u00a0Rogelio Ram\u00edrez de la O,<\/p>\n","protected":false},"author":4,"featured_media":50917,"comment_status":"closed","ping_status":"closed","sticky":false,"template":"","format":"standard","meta":{"colormag_page_container_layout":"default_layout","colormag_page_sidebar_layout":"default_layout","_jetpack_memberships_contains_paid_content":false,"footnotes":"","jetpack_publicize_message":"","jetpack_publicize_feature_enabled":true,"jetpack_social_post_already_shared":false,"jetpack_social_options":{"image_generator_settings":{"template":"highway","default_image_id":0,"font":"","enabled":false},"version":2}},"categories":[2050],"tags":[],"class_list":["post-50916","post","type-post","status-publish","format-standard","has-post-thumbnail","hentry","category-economia"],"jetpack_publicize_connections":[],"jetpack_featured_media_url":"https:\/\/i0.wp.com\/politicosaldesnudo.com.mx\/wp-content\/uploads\/2024\/11\/6741006321320.r_d.1280-596-5000.png?fit=1000%2C676&ssl=1","jetpack-related-posts":[],"jetpack_sharing_enabled":true,"_links":{"self":[{"href":"https:\/\/politicosaldesnudo.com.mx\/index.php\/wp-json\/wp\/v2\/posts\/50916","targetHints":{"allow":["GET"]}}],"collection":[{"href":"https:\/\/politicosaldesnudo.com.mx\/index.php\/wp-json\/wp\/v2\/posts"}],"about":[{"href":"https:\/\/politicosaldesnudo.com.mx\/index.php\/wp-json\/wp\/v2\/types\/post"}],"author":[{"embeddable":true,"href":"https:\/\/politicosaldesnudo.com.mx\/index.php\/wp-json\/wp\/v2\/users\/4"}],"replies":[{"embeddable":true,"href":"https:\/\/politicosaldesnudo.com.mx\/index.php\/wp-json\/wp\/v2\/comments?post=50916"}],"version-history":[{"count":0,"href":"https:\/\/politicosaldesnudo.com.mx\/index.php\/wp-json\/wp\/v2\/posts\/50916\/revisions"}],"wp:featuredmedia":[{"embeddable":true,"href":"https:\/\/politicosaldesnudo.com.mx\/index.php\/wp-json\/wp\/v2\/media\/50917"}],"wp:attachment":[{"href":"https:\/\/politicosaldesnudo.com.mx\/index.php\/wp-json\/wp\/v2\/media?parent=50916"}],"wp:term":[{"taxonomy":"category","embeddable":true,"href":"https:\/\/politicosaldesnudo.com.mx\/index.php\/wp-json\/wp\/v2\/categories?post=50916"},{"taxonomy":"post_tag","embeddable":true,"href":"https:\/\/politicosaldesnudo.com.mx\/index.php\/wp-json\/wp\/v2\/tags?post=50916"}],"curies":[{"name":"wp","href":"https:\/\/api.w.org\/{rel}","templated":true}]}}