{"id":50919,"date":"2024-11-23T00:13:13","date_gmt":"2024-11-23T06:13:13","guid":{"rendered":"https:\/\/politicosaldesnudo.com.mx\/?p=50919"},"modified":"2024-11-22T19:06:55","modified_gmt":"2024-11-23T01:06:55","slug":"economia-mexicana-crece-ligeramente-mas-de-lo-previsto-en-el-tercer-trimestre-pib-avanza-1-1","status":"publish","type":"post","link":"https:\/\/politicosaldesnudo.com.mx\/index.php\/2024\/11\/23\/economia-mexicana-crece-ligeramente-mas-de-lo-previsto-en-el-tercer-trimestre-pib-avanza-1-1\/","title":{"rendered":"Econom\u00eda mexicana crece ligeramente m\u00e1s de lo previsto en el tercer trimestre; PIB avanza 1.1%"},"content":{"rendered":"<p><span style=\"font-size: 14pt;\">La econom\u00eda de M\u00e9xico creci\u00f3 en el tercer trimestre de 2024 ligeramente por\u00a0encima de lo que se hab\u00eda estimado\u00a0de manera preliminar, debido a una revisi\u00f3n positiva tanto de las actividades agropecuarias como de los servicios.<\/span><\/p>\n<p><span style=\"font-size: 14pt;\">El\u00a0Producto Interno Bruto\u00a0(PIB) registr\u00f3 un\u00a0avance trimestral\u00a0de 1.1% frente al periodo abril-junio, de acuerdo con cifras desestacionalizadas divulgadas el viernes por el Instituto Nacional de Estad\u00edstica y Geograf\u00eda (Inegi).<\/span><\/p>\n<p><span style=\"font-size: 14pt;\">A finales de octubre, la instituci\u00f3n hab\u00eda pronosticado que la segunda mayor econom\u00eda de Am\u00e9rica Latina se habr\u00eda expandido un 1.0% en el trimestre.<\/span><\/p>\n<p><span style=\"font-size: 14pt;\">El Inegi dijo que en su variaci\u00f3n trimestral las\u00a0actividades primarias\u00a0-que incluyen la agricultura, la pesca y la miner\u00eda- crecieron 4.9%, superior al 4.6% calculado inicialmente, mientras que las\u00a0terciarias\u00a0-que abarcan servicios- avanzaron 1.1%, tambi\u00e9n un mejor desempe\u00f1o que el 0.9% preliminar.<\/span><\/p>\n","protected":false},"excerpt":{"rendered":"<p>La econom\u00eda de M\u00e9xico creci\u00f3 en el tercer trimestre de 2024 ligeramente por\u00a0encima de lo que se hab\u00eda estimado\u00a0de manera<\/p>\n","protected":false},"author":4,"featured_media":50920,"comment_status":"closed","ping_status":"closed","sticky":false,"template":"","format":"standard","meta":{"colormag_page_container_layout":"default_layout","colormag_page_sidebar_layout":"default_layout","_jetpack_memberships_contains_paid_content":false,"footnotes":"","jetpack_publicize_message":"","jetpack_publicize_feature_enabled":true,"jetpack_social_post_already_shared":false,"jetpack_social_options":{"image_generator_settings":{"template":"highway","default_image_id":0,"font":"","enabled":false},"version":2}},"categories":[2050],"tags":[],"class_list":["post-50919","post","type-post","status-publish","format-standard","has-post-thumbnail","hentry","category-economia"],"jetpack_publicize_connections":[],"jetpack_featured_media_url":"https:\/\/i0.wp.com\/politicosaldesnudo.com.mx\/wp-content\/uploads\/2024\/11\/66edbe5c53c74.jpeg?fit=1280%2C720&ssl=1","jetpack-related-posts":[],"jetpack_sharing_enabled":true,"_links":{"self":[{"href":"https:\/\/politicosaldesnudo.com.mx\/index.php\/wp-json\/wp\/v2\/posts\/50919","targetHints":{"allow":["GET"]}}],"collection":[{"href":"https:\/\/politicosaldesnudo.com.mx\/index.php\/wp-json\/wp\/v2\/posts"}],"about":[{"href":"https:\/\/politicosaldesnudo.com.mx\/index.php\/wp-json\/wp\/v2\/types\/post"}],"author":[{"embeddable":true,"href":"https:\/\/politicosaldesnudo.com.mx\/index.php\/wp-json\/wp\/v2\/users\/4"}],"replies":[{"embeddable":true,"href":"https:\/\/politicosaldesnudo.com.mx\/index.php\/wp-json\/wp\/v2\/comments?post=50919"}],"version-history":[{"count":0,"href":"https:\/\/politicosaldesnudo.com.mx\/index.php\/wp-json\/wp\/v2\/posts\/50919\/revisions"}],"wp:featuredmedia":[{"embeddable":true,"href":"https:\/\/politicosaldesnudo.com.mx\/index.php\/wp-json\/wp\/v2\/media\/50920"}],"wp:attachment":[{"href":"https:\/\/politicosaldesnudo.com.mx\/index.php\/wp-json\/wp\/v2\/media?parent=50919"}],"wp:term":[{"taxonomy":"category","embeddable":true,"href":"https:\/\/politicosaldesnudo.com.mx\/index.php\/wp-json\/wp\/v2\/categories?post=50919"},{"taxonomy":"post_tag","embeddable":true,"href":"https:\/\/politicosaldesnudo.com.mx\/index.php\/wp-json\/wp\/v2\/tags?post=50919"}],"curies":[{"name":"wp","href":"https:\/\/api.w.org\/{rel}","templated":true}]}}