{"id":50968,"date":"2024-11-24T00:09:15","date_gmt":"2024-11-24T06:09:15","guid":{"rendered":"https:\/\/politicosaldesnudo.com.mx\/?p=50968"},"modified":"2024-11-23T23:24:56","modified_gmt":"2024-11-24T05:24:56","slug":"fgr-tendra-osteoteca-para-identificar-restos-recuperados-de-fosas-clandestinas","status":"publish","type":"post","link":"https:\/\/politicosaldesnudo.com.mx\/index.php\/2024\/11\/24\/fgr-tendra-osteoteca-para-identificar-restos-recuperados-de-fosas-clandestinas\/","title":{"rendered":"FGR tendr\u00e1 osteoteca para identificar restos recuperados de fosas clandestinas"},"content":{"rendered":"<p><span style=\"font-size: 14pt;\">La\u00a0Fiscal\u00eda General de la Rep\u00fablica (FGR)\u00a0construir\u00e1 una osteoteca en la Ciudad de M\u00e9xico para conservar e identificar los miles de restos humanos encontrados en\u00a0fosas clandestinas\u00a0descubiertas de todo el pa\u00eds.<\/span><\/p>\n<p><span style=\"font-size: 14pt;\">El espacio ser\u00e1 edificado con un\u00a0presupuesto\u00a0de\u00a011 millones 15 mil 745 pesos\u00a0en las instalaciones de la Coordinaci\u00f3n General de Servicios Periciales, ubicada en Avenida R\u00edo Consulado 715, propiedad de la Fiscal\u00eda, seg\u00fan consta en la licitaci\u00f3n que la instituci\u00f3n, a cargo de Alejandro Gertz Manero, lanz\u00f3 el pasado 31 de octubre para contratar a quienes se encargar\u00e1n de construir el nuevo\u00a0espacio forense.<\/span><\/p>\n<p><span style=\"font-size: 14pt;\">El inmueble tendr\u00e1 capacidad para\u00a0\u201cmiles de restos\u201d\u00a0encontrados en fosas clandestinas y ayudar\u00e1 en la identificaci\u00f3n de\u00a0personas reportadas como desaparecidas, confirm\u00f3 a este diario la FGR.<\/span><\/p>\n","protected":false},"excerpt":{"rendered":"<p>La\u00a0Fiscal\u00eda General de la Rep\u00fablica (FGR)\u00a0construir\u00e1 una osteoteca en la Ciudad de M\u00e9xico para conservar e identificar los miles de<\/p>\n","protected":false},"author":4,"featured_media":50969,"comment_status":"closed","ping_status":"closed","sticky":false,"template":"","format":"standard","meta":{"colormag_page_container_layout":"default_layout","colormag_page_sidebar_layout":"default_layout","_jetpack_memberships_contains_paid_content":false,"footnotes":"","jetpack_publicize_message":"","jetpack_publicize_feature_enabled":true,"jetpack_social_post_already_shared":false,"jetpack_social_options":{"image_generator_settings":{"template":"highway","default_image_id":0,"font":"","enabled":false},"version":2}},"categories":[33],"tags":[],"class_list":["post-50968","post","type-post","status-publish","format-standard","has-post-thumbnail","hentry","category-nacional"],"jetpack_publicize_connections":[],"jetpack_featured_media_url":"https:\/\/i0.wp.com\/politicosaldesnudo.com.mx\/wp-content\/uploads\/2024\/11\/fosa.jpg?fit=768%2C479&ssl=1","jetpack-related-posts":[],"jetpack_sharing_enabled":true,"_links":{"self":[{"href":"https:\/\/politicosaldesnudo.com.mx\/index.php\/wp-json\/wp\/v2\/posts\/50968","targetHints":{"allow":["GET"]}}],"collection":[{"href":"https:\/\/politicosaldesnudo.com.mx\/index.php\/wp-json\/wp\/v2\/posts"}],"about":[{"href":"https:\/\/politicosaldesnudo.com.mx\/index.php\/wp-json\/wp\/v2\/types\/post"}],"author":[{"embeddable":true,"href":"https:\/\/politicosaldesnudo.com.mx\/index.php\/wp-json\/wp\/v2\/users\/4"}],"replies":[{"embeddable":true,"href":"https:\/\/politicosaldesnudo.com.mx\/index.php\/wp-json\/wp\/v2\/comments?post=50968"}],"version-history":[{"count":0,"href":"https:\/\/politicosaldesnudo.com.mx\/index.php\/wp-json\/wp\/v2\/posts\/50968\/revisions"}],"wp:featuredmedia":[{"embeddable":true,"href":"https:\/\/politicosaldesnudo.com.mx\/index.php\/wp-json\/wp\/v2\/media\/50969"}],"wp:attachment":[{"href":"https:\/\/politicosaldesnudo.com.mx\/index.php\/wp-json\/wp\/v2\/media?parent=50968"}],"wp:term":[{"taxonomy":"category","embeddable":true,"href":"https:\/\/politicosaldesnudo.com.mx\/index.php\/wp-json\/wp\/v2\/categories?post=50968"},{"taxonomy":"post_tag","embeddable":true,"href":"https:\/\/politicosaldesnudo.com.mx\/index.php\/wp-json\/wp\/v2\/tags?post=50968"}],"curies":[{"name":"wp","href":"https:\/\/api.w.org\/{rel}","templated":true}]}}