{"id":50974,"date":"2024-11-24T00:11:02","date_gmt":"2024-11-24T06:11:02","guid":{"rendered":"https:\/\/politicosaldesnudo.com.mx\/?p=50974"},"modified":"2024-11-23T23:28:29","modified_gmt":"2024-11-24T05:28:29","slug":"reformar-constitucionales-de-amlo-como-avanza-el-plan-c-del-expresidente","status":"publish","type":"post","link":"https:\/\/politicosaldesnudo.com.mx\/index.php\/2024\/11\/24\/reformar-constitucionales-de-amlo-como-avanza-el-plan-c-del-expresidente\/","title":{"rendered":"Reformar constitucionales de AMLO: \u00bfc\u00f3mo avanza el Plan C del expresidente?"},"content":{"rendered":"<div>\n<div id=\"content-body-225-12911829\">\n<p><span style=\"font-size: 14pt;\">Andr\u00e9s Manuel L\u00f3pez Obrador\u00a0dej\u00f3 la presidencia hace 53 d\u00edas y dej\u00f3 una herencia al\u00a0Congreso\u00a0que se ha convertido en la prioridad de la\u00a0actual legislatura: su\u00a0Plan C\u00a0de 20 iniciativas.<\/span><\/p>\n<p><span style=\"font-size: 14pt;\">La\u00a0C\u00e1mara de Diputados\u00a0fue la c\u00e1mara de origen de todas las\u00a0iniciativas\u00a0y hasta el momento los legisladores han aprobado 14 de las 20 iniciativas del denominado\u00a0Plan C, de las cuales seis ya entraron en vigor tras ser publicadas en el\u00a0Diario Oficial de la Federaci\u00f3n\u00a0(DOF).<\/span><\/p>\n<\/div>\n<\/div>\n<div>\n<div id=\"dfp-nota-1x3s\" data-google-query-id=\"CJbumO2d9IkDFUHz9QIdHSQbIA\">\n<div id=\"google_ads_iframe_\/2000002\/la-prensa\/mexico_nota_1x3_0__container__\">\n<div id=\"inArticle_1\">\n<div>\n<div>\n<div>\n<div><span style=\"font-size: 14pt;\">Cuatro est\u00e1n pendientes por aprobar en el Senado, cinco por el Pleno de la C\u00e1mara de Diputados, dos por aprobar en las legislaturas locales y dos por ser declaradas constitucionales por el\u00a0Congreso de la Uni\u00f3n\u00a0y una de ellas, la\u00a0reforma electoral, fue desechada en la pasada legislatura al no haber sido aprobada en comisiones.<\/span><\/div>\n<\/div>\n<\/div>\n<\/div>\n<\/div>\n<\/div>\n<\/div>\n<\/div>\n","protected":false},"excerpt":{"rendered":"<p>Andr\u00e9s Manuel L\u00f3pez Obrador\u00a0dej\u00f3 la presidencia hace 53 d\u00edas y dej\u00f3 una herencia al\u00a0Congreso\u00a0que se ha convertido en la prioridad<\/p>\n","protected":false},"author":4,"featured_media":50975,"comment_status":"closed","ping_status":"closed","sticky":false,"template":"","format":"standard","meta":{"colormag_page_container_layout":"default_layout","colormag_page_sidebar_layout":"default_layout","_jetpack_memberships_contains_paid_content":false,"footnotes":"","jetpack_publicize_message":"","jetpack_publicize_feature_enabled":true,"jetpack_social_post_already_shared":false,"jetpack_social_options":{"image_generator_settings":{"template":"highway","default_image_id":0,"font":"","enabled":false},"version":2}},"categories":[33],"tags":[],"class_list":["post-50974","post","type-post","status-publish","format-standard","has-post-thumbnail","hentry","category-nacional"],"jetpack_publicize_connections":[],"jetpack_featured_media_url":"https:\/\/i0.wp.com\/politicosaldesnudo.com.mx\/wp-content\/uploads\/2024\/11\/Congreso-de-la-Union_sesion-general.jpg?fit=768%2C479&ssl=1","jetpack-related-posts":[],"jetpack_sharing_enabled":true,"_links":{"self":[{"href":"https:\/\/politicosaldesnudo.com.mx\/index.php\/wp-json\/wp\/v2\/posts\/50974","targetHints":{"allow":["GET"]}}],"collection":[{"href":"https:\/\/politicosaldesnudo.com.mx\/index.php\/wp-json\/wp\/v2\/posts"}],"about":[{"href":"https:\/\/politicosaldesnudo.com.mx\/index.php\/wp-json\/wp\/v2\/types\/post"}],"author":[{"embeddable":true,"href":"https:\/\/politicosaldesnudo.com.mx\/index.php\/wp-json\/wp\/v2\/users\/4"}],"replies":[{"embeddable":true,"href":"https:\/\/politicosaldesnudo.com.mx\/index.php\/wp-json\/wp\/v2\/comments?post=50974"}],"version-history":[{"count":0,"href":"https:\/\/politicosaldesnudo.com.mx\/index.php\/wp-json\/wp\/v2\/posts\/50974\/revisions"}],"wp:featuredmedia":[{"embeddable":true,"href":"https:\/\/politicosaldesnudo.com.mx\/index.php\/wp-json\/wp\/v2\/media\/50975"}],"wp:attachment":[{"href":"https:\/\/politicosaldesnudo.com.mx\/index.php\/wp-json\/wp\/v2\/media?parent=50974"}],"wp:term":[{"taxonomy":"category","embeddable":true,"href":"https:\/\/politicosaldesnudo.com.mx\/index.php\/wp-json\/wp\/v2\/categories?post=50974"},{"taxonomy":"post_tag","embeddable":true,"href":"https:\/\/politicosaldesnudo.com.mx\/index.php\/wp-json\/wp\/v2\/tags?post=50974"}],"curies":[{"name":"wp","href":"https:\/\/api.w.org\/{rel}","templated":true}]}}