{"id":5102,"date":"2022-05-11T06:12:11","date_gmt":"2022-05-11T11:12:11","guid":{"rendered":"https:\/\/politicosaldesnudo.com.mx\/?p=5102"},"modified":"2022-05-11T06:12:11","modified_gmt":"2022-05-11T11:12:11","slug":"tabasco-y-dinamarca-reforzaran-transicion-energetica","status":"publish","type":"post","link":"https:\/\/politicosaldesnudo.com.mx\/index.php\/2022\/05\/11\/tabasco-y-dinamarca-reforzaran-transicion-energetica\/","title":{"rendered":"Tabasco y Dinamarca reforzar\u00e1n transici\u00f3n energ\u00e9tica"},"content":{"rendered":"<p class=\"p1\"><span style=\"font-size: 14pt;\"><em><strong>Villahermosa. <\/strong><\/em><strong>Tabasco y Dinamarca<\/strong> pactaron una cooperaci\u00f3n para hacer <strong>uso eficiente de la energ\u00eda con tecnolog\u00edas de \u00faltima generaci\u00f3n<\/strong> y reducir las emisiones de di\u00f3xido de carbono.<\/span><\/p>\n<p class=\"p1\"><span style=\"font-size: 14pt;\">El<strong> embajador del Reino de Dinamarca en M\u00e9xico, Lars Steen Nielsen<\/strong>, visit\u00f3 Tabasco para reunirse con el <strong>gobernador Carlos Manuel Merino Campos<\/strong>, firmaron un Memor\u00e1ndum de Entendimiento en temas energ\u00e9ticos.<\/span><\/p>\n<p class=\"p1\"><span style=\"font-size: 14pt;\">Carlos Manuel Merino afirm\u00f3 que Tabasco mantiene abiertas las puertas al di\u00e1logo, los acuerdos, la inversi\u00f3n y a proyectos que sean para el crecimiento y desarrollo de ambas regiones.<\/span><\/p>\n<p>&nbsp;<\/p>\n<p><img data-recalc-dims=\"1\" loading=\"lazy\" decoding=\"async\" class=\"aligncenter wp-image-5105 size-large\" src=\"https:\/\/i0.wp.com\/politicosaldesnudo.com.mx\/wp-content\/uploads\/2022\/05\/P-TABASCO1-1024x573.png?resize=800%2C448&#038;ssl=1\" alt=\"\" width=\"800\" height=\"448\" srcset=\"https:\/\/i0.wp.com\/politicosaldesnudo.com.mx\/wp-content\/uploads\/2022\/05\/P-TABASCO1.png?resize=1024%2C573&amp;ssl=1 1024w, https:\/\/i0.wp.com\/politicosaldesnudo.com.mx\/wp-content\/uploads\/2022\/05\/P-TABASCO1.png?resize=300%2C168&amp;ssl=1 300w, https:\/\/i0.wp.com\/politicosaldesnudo.com.mx\/wp-content\/uploads\/2022\/05\/P-TABASCO1.png?resize=768%2C430&amp;ssl=1 768w, https:\/\/i0.wp.com\/politicosaldesnudo.com.mx\/wp-content\/uploads\/2022\/05\/P-TABASCO1.png?resize=1536%2C859&amp;ssl=1 1536w, https:\/\/i0.wp.com\/politicosaldesnudo.com.mx\/wp-content\/uploads\/2022\/05\/P-TABASCO1.png?w=1816&amp;ssl=1 1816w, https:\/\/i0.wp.com\/politicosaldesnudo.com.mx\/wp-content\/uploads\/2022\/05\/P-TABASCO1.png?w=1600&amp;ssl=1 1600w\" sizes=\"auto, (max-width: 800px) 100vw, 800px\" \/><\/p>\n<p>&nbsp;<\/p>\n<p class=\"p1\"><span style=\"font-size: 18pt;\"><strong>El gobernador Merino Campos coment\u00f3 que la firma de entendimiento y acuerdo bilateral permitir\u00e1 a ambas soberan\u00edas, desarrollar y apoyar la cooperaci\u00f3n en los sectores de sostenibilidad, transici\u00f3n energ\u00e9tica, energ\u00eda renovable, eficiencia energ\u00e9tica, transici\u00f3n de tecnolog\u00edas, reducci\u00f3n de emisiones de di\u00f3xido de carbono y el cumplimiento de los compromisos de la Agenda 2030.<\/strong><\/span><\/p>\n<p>&nbsp;<\/p>\n<p class=\"p1\"><span style=\"font-size: 14pt;\">El mandatario tabasque\u00f1o agradeci\u00f3 la disposici\u00f3n e inter\u00e9s del gobierno dan\u00e9s por su colaboraci\u00f3n. Subray\u00f3 que este acercamiento, traducido en apoyo t\u00e9cnico y conocimientos; servir\u00e1 para detonar las bondades que el estado posee en el campo de las energ\u00edas limpias.<\/span><\/p>\n<blockquote>\n<p class=\"p1\"><span style=\"font-size: 14pt;\">Es una valiosa oportunidad para que trabajemos proyectos espec\u00edficos, que fortalezcan nuestro desarrollo energ\u00e9tico en pro del bienestar de nuestros ciudadanos. Lo hemos dicho en repetidas ocasiones y hoy lo reafirmamos, Tabasco es en la actualidad la Capital Energ\u00e9tica de M\u00e9xico; bienvenidas sean las aportaciones de la Embajada de Dinamarca\u201d, enfatiz\u00f3<\/span><span style=\"font-size: 14pt;\"> Merino Campos.<\/span><\/p>\n<\/blockquote>\n<p>&nbsp;<\/p>\n<p class=\"p1\"><strong><span style=\"font-size: 18pt;\">POTENCIAL<\/span><\/strong><\/p>\n<p class=\"p1\"><span style=\"font-size: 14pt;\">El diplom\u00e1tico Steen Nielsen destac\u00f3 el potencial energ\u00e9tico de Tabasco. Indic\u00f3 que para Dinamarca, <strong>M\u00e9xico es un pa\u00eds estrat\u00e9gico; porque existen coincidencias y \u00e1reas de oportunidad para impulsar el desarrollo de ambas regiones.<\/strong><\/span><\/p>\n<p class=\"p1\"><strong><span style=\"font-size: 14pt;\">Adem\u00e1s puso a disposici\u00f3n del desarrollo del estado la experiencia que esta naci\u00f3n europea posee en este campo, un segmento en el que \u201cest\u00e1 muy fuerte\u201d.<\/span><\/strong><\/p>\n<p class=\"p1\"><span style=\"font-size: 14pt;\">Asimismo, indic\u00f3 que Tabasco, como estado petrolero, est\u00e1 en b\u00fasqueda de tecnolog\u00edas que contribuyan a potenciar su riqueza energ\u00e9tica.<\/span><\/p>\n<p class=\"p1\"><span style=\"font-size: 14pt;\">La firma del memor\u00e1ndum de entendimiento, permitir\u00e1 explorar y conocer los objetivos; as\u00ed como las estrategias que Dinamarca se ha fijado en el medio plazo para hacer realidad una transici\u00f3n energ\u00e9tica que impacte positivamente en el desarrollo sustentable en M\u00e9xico y en Tabasco.<\/span><\/p>\n<p>&nbsp;<\/p>\n<p>&nbsp;<\/p>\n<p>&nbsp;<\/p>\n<p>&nbsp;<\/p>\n","protected":false},"excerpt":{"rendered":"<p>Villahermosa. Tabasco y Dinamarca pactaron una cooperaci\u00f3n para hacer uso eficiente de la energ\u00eda con tecnolog\u00edas de \u00faltima generaci\u00f3n y<\/p>\n","protected":false},"author":4,"featured_media":5104,"comment_status":"closed","ping_status":"closed","sticky":false,"template":"","format":"standard","meta":{"colormag_page_container_layout":"default_layout","colormag_page_sidebar_layout":"default_layout","_jetpack_memberships_contains_paid_content":false,"footnotes":"","jetpack_publicize_message":"","jetpack_publicize_feature_enabled":true,"jetpack_social_post_already_shared":true,"jetpack_social_options":{"image_generator_settings":{"template":"highway","default_image_id":0,"font":"","enabled":false},"version":2}},"categories":[30],"tags":[696,695,697,698,580],"class_list":["post-5102","post","type-post","status-publish","format-standard","has-post-thumbnail","hentry","category-estados","tag-carlos-manuel-merino-campos","tag-dinamarca","tag-energia","tag-lars-steen-nielsen","tag-tabasco"],"jetpack_publicize_connections":[],"jetpack_featured_media_url":"https:\/\/i0.wp.com\/politicosaldesnudo.com.mx\/wp-content\/uploads\/2022\/05\/P-TABASCO.png?fit=1816%2C1016&ssl=1","jetpack-related-posts":[],"jetpack_sharing_enabled":true,"_links":{"self":[{"href":"https:\/\/politicosaldesnudo.com.mx\/index.php\/wp-json\/wp\/v2\/posts\/5102","targetHints":{"allow":["GET"]}}],"collection":[{"href":"https:\/\/politicosaldesnudo.com.mx\/index.php\/wp-json\/wp\/v2\/posts"}],"about":[{"href":"https:\/\/politicosaldesnudo.com.mx\/index.php\/wp-json\/wp\/v2\/types\/post"}],"author":[{"embeddable":true,"href":"https:\/\/politicosaldesnudo.com.mx\/index.php\/wp-json\/wp\/v2\/users\/4"}],"replies":[{"embeddable":true,"href":"https:\/\/politicosaldesnudo.com.mx\/index.php\/wp-json\/wp\/v2\/comments?post=5102"}],"version-history":[{"count":0,"href":"https:\/\/politicosaldesnudo.com.mx\/index.php\/wp-json\/wp\/v2\/posts\/5102\/revisions"}],"wp:featuredmedia":[{"embeddable":true,"href":"https:\/\/politicosaldesnudo.com.mx\/index.php\/wp-json\/wp\/v2\/media\/5104"}],"wp:attachment":[{"href":"https:\/\/politicosaldesnudo.com.mx\/index.php\/wp-json\/wp\/v2\/media?parent=5102"}],"wp:term":[{"taxonomy":"category","embeddable":true,"href":"https:\/\/politicosaldesnudo.com.mx\/index.php\/wp-json\/wp\/v2\/categories?post=5102"},{"taxonomy":"post_tag","embeddable":true,"href":"https:\/\/politicosaldesnudo.com.mx\/index.php\/wp-json\/wp\/v2\/tags?post=5102"}],"curies":[{"name":"wp","href":"https:\/\/api.w.org\/{rel}","templated":true}]}}