{"id":51066,"date":"2024-11-26T00:00:53","date_gmt":"2024-11-26T06:00:53","guid":{"rendered":"https:\/\/politicosaldesnudo.com.mx\/?p=51066"},"modified":"2024-11-25T22:01:43","modified_gmt":"2024-11-26T04:01:43","slug":"confirma-sheinbaum-que-estara-presente-en-la-toma-de-protesta-de-rocio-nahle","status":"publish","type":"post","link":"https:\/\/politicosaldesnudo.com.mx\/index.php\/2024\/11\/26\/confirma-sheinbaum-que-estara-presente-en-la-toma-de-protesta-de-rocio-nahle\/","title":{"rendered":"Confirma Sheinbaum que estar\u00e1 presente en la toma de protesta de Roc\u00edo Nahle"},"content":{"rendered":"<p><span style=\"font-size: 14pt;\">*Anunci\u00f3 que acudir\u00e1 al evento el pr\u00f3ximo 1 de diciembre<\/span><\/p>\n<p><span style=\"font-size: 14pt;\">La Presidenta de M\u00e9xico, Claudia Sheinbaum Pardo reiter\u00f3 su confianza en la pr\u00f3xima gobernadora de Veracruz, Roc\u00edo Nahle Garc\u00eda y asegur\u00f3 que realizar\u00e1 un buen trabajo una vez que asuma el cargo a partir del pr\u00f3ximo 1 de diciembre.<\/span><\/p>\n<p><span style=\"font-size: 14pt;\">\u201cEs una mujer con muchas convicciones, de car\u00e1cter, que ama Veracruz, ama a su pueblo y s\u00e9 que va a hacer un buen trabajo y ah\u00ed la vamos a estar apoyando en todo lo que necesite. Pudo construir una Refiner\u00eda, imag\u00ednense\u201d, se\u00f1al\u00f3 en su conferencia matutina \u201cLas ma\u00f1aneras del pueblo\u201d.<\/span><\/p>\n<p><span style=\"font-size: 14pt;\">Confirm\u00f3 su presencia al evento de toma de protesta, que se llevar\u00e1 a cabo el pr\u00f3ximo domingo para iniciar su periodo de gobierno, que concluye en 2030.<\/span><\/p>\n","protected":false},"excerpt":{"rendered":"<p>*Anunci\u00f3 que acudir\u00e1 al evento el pr\u00f3ximo 1 de diciembre La Presidenta de M\u00e9xico, Claudia Sheinbaum Pardo reiter\u00f3 su confianza<\/p>\n","protected":false},"author":4,"featured_media":51067,"comment_status":"closed","ping_status":"closed","sticky":false,"template":"","format":"standard","meta":{"colormag_page_container_layout":"default_layout","colormag_page_sidebar_layout":"default_layout","_jetpack_memberships_contains_paid_content":false,"footnotes":"","jetpack_publicize_message":"","jetpack_publicize_feature_enabled":true,"jetpack_social_post_already_shared":false,"jetpack_social_options":{"image_generator_settings":{"template":"highway","default_image_id":0,"font":"","enabled":false},"version":2}},"categories":[1082],"tags":[],"class_list":["post-51066","post","type-post","status-publish","format-standard","has-post-thumbnail","hentry","category-tuxpan"],"jetpack_publicize_connections":[],"jetpack_featured_media_url":"https:\/\/i0.wp.com\/politicosaldesnudo.com.mx\/wp-content\/uploads\/2024\/11\/Presidenta_CSP.jpeg?fit=2560%2C1703&ssl=1","jetpack-related-posts":[],"jetpack_sharing_enabled":true,"_links":{"self":[{"href":"https:\/\/politicosaldesnudo.com.mx\/index.php\/wp-json\/wp\/v2\/posts\/51066","targetHints":{"allow":["GET"]}}],"collection":[{"href":"https:\/\/politicosaldesnudo.com.mx\/index.php\/wp-json\/wp\/v2\/posts"}],"about":[{"href":"https:\/\/politicosaldesnudo.com.mx\/index.php\/wp-json\/wp\/v2\/types\/post"}],"author":[{"embeddable":true,"href":"https:\/\/politicosaldesnudo.com.mx\/index.php\/wp-json\/wp\/v2\/users\/4"}],"replies":[{"embeddable":true,"href":"https:\/\/politicosaldesnudo.com.mx\/index.php\/wp-json\/wp\/v2\/comments?post=51066"}],"version-history":[{"count":0,"href":"https:\/\/politicosaldesnudo.com.mx\/index.php\/wp-json\/wp\/v2\/posts\/51066\/revisions"}],"wp:featuredmedia":[{"embeddable":true,"href":"https:\/\/politicosaldesnudo.com.mx\/index.php\/wp-json\/wp\/v2\/media\/51067"}],"wp:attachment":[{"href":"https:\/\/politicosaldesnudo.com.mx\/index.php\/wp-json\/wp\/v2\/media?parent=51066"}],"wp:term":[{"taxonomy":"category","embeddable":true,"href":"https:\/\/politicosaldesnudo.com.mx\/index.php\/wp-json\/wp\/v2\/categories?post=51066"},{"taxonomy":"post_tag","embeddable":true,"href":"https:\/\/politicosaldesnudo.com.mx\/index.php\/wp-json\/wp\/v2\/tags?post=51066"}],"curies":[{"name":"wp","href":"https:\/\/api.w.org\/{rel}","templated":true}]}}