{"id":51072,"date":"2024-11-26T00:02:03","date_gmt":"2024-11-26T06:02:03","guid":{"rendered":"https:\/\/politicosaldesnudo.com.mx\/?p=51072"},"modified":"2024-11-25T22:04:20","modified_gmt":"2024-11-26T04:04:20","slug":"arrieritos-auguran-buenas-ventas","status":"publish","type":"post","link":"https:\/\/politicosaldesnudo.com.mx\/index.php\/2024\/11\/26\/arrieritos-auguran-buenas-ventas\/","title":{"rendered":"Arrieritos auguran buenas ventas"},"content":{"rendered":"<p><span style=\"font-size: 14pt;\">Comerciantes conocidos como \u00ablos arrieritos\u00bb, ubicados en el primer cuadro de la ciudad, esperan buenas ventas en el mes de diciembre, sobre todo por la venta de trajes t\u00edpicos para la celebraci\u00f3n de la Virgen de Guadalupe.<\/span><\/p>\n<p><span style=\"font-size: 14pt;\">El comerciante Facundo Flores, indic\u00f3 que como cada a\u00f1o ya surtieron su tienda con los trajes de inditos para ni\u00f1os y ni\u00f1as en diversos modelos y tallas, adem\u00e1s de los accesorios el famoso \u00abquesquen\u00bb, el pantal\u00f3n y camisa de manta, faja roja, pa\u00f1uelo rojo con puntos blancos; sombrero, tecomates, mecapal, metate y morral de red y para las ni\u00f1as los aretes, collares, canastas, entre otros productos b\u00e1sicos.<\/span><\/p>\n<p><span style=\"font-size: 14pt;\">Los emblem\u00e1ticos vendedores de trajes t\u00edpicos auguran un incremento en sus ventas, impulsadas principalmente por las festividades en honor a la Virgen de Guadalupe.<\/span><\/p>\n<p><span style=\"font-size: 14pt;\">A\u00f1o con a\u00f1o, las calles del centro se visten de colores y m\u00fasica, mientras los fieles acuden a las celebraciones portando los tradicionales atuendos, estos elementos, junto con la calidez y el colorido de los puestos, crean un ambiente festivo que atrae a visitantes de todas las edades.<\/span><\/p>\n<p><span style=\"font-size: 14pt;\">Con la esperanza de un diciembre pr\u00f3spero, los comerciantes invitan a la poblaci\u00f3n a visitar sus puestos y adquirir los trajes t\u00edpicos para celebrar esta importante festividad religiosa.<\/span><\/p>\n<p><span style=\"font-size: 14pt;\">En cuanto a los precios, mencionaron que no se incrementar\u00e1n en comparaci\u00f3n del a\u00f1o pasado, por ejemplo un traje de ni\u00f1o que consta de pantal\u00f3n y camisa cuesta desde los 200 pesos en adelante, dependiendo la talla que la ciudadan\u00eda requiera.<\/span><\/p>\n","protected":false},"excerpt":{"rendered":"<p>Comerciantes conocidos como \u00ablos arrieritos\u00bb, ubicados en el primer cuadro de la ciudad, esperan buenas ventas en el mes de<\/p>\n","protected":false},"author":4,"featured_media":51073,"comment_status":"closed","ping_status":"closed","sticky":false,"template":"","format":"standard","meta":{"colormag_page_container_layout":"default_layout","colormag_page_sidebar_layout":"default_layout","_jetpack_memberships_contains_paid_content":false,"footnotes":"","jetpack_publicize_message":"","jetpack_publicize_feature_enabled":true,"jetpack_social_post_already_shared":false,"jetpack_social_options":{"image_generator_settings":{"template":"highway","default_image_id":0,"font":"","enabled":false},"version":2}},"categories":[1082],"tags":[],"class_list":["post-51072","post","type-post","status-publish","format-standard","has-post-thumbnail","hentry","category-tuxpan"],"jetpack_publicize_connections":[],"jetpack_featured_media_url":"https:\/\/i0.wp.com\/politicosaldesnudo.com.mx\/wp-content\/uploads\/2024\/11\/5b-2.jpg?fit=900%2C1200&ssl=1","jetpack-related-posts":[],"jetpack_sharing_enabled":true,"_links":{"self":[{"href":"https:\/\/politicosaldesnudo.com.mx\/index.php\/wp-json\/wp\/v2\/posts\/51072","targetHints":{"allow":["GET"]}}],"collection":[{"href":"https:\/\/politicosaldesnudo.com.mx\/index.php\/wp-json\/wp\/v2\/posts"}],"about":[{"href":"https:\/\/politicosaldesnudo.com.mx\/index.php\/wp-json\/wp\/v2\/types\/post"}],"author":[{"embeddable":true,"href":"https:\/\/politicosaldesnudo.com.mx\/index.php\/wp-json\/wp\/v2\/users\/4"}],"replies":[{"embeddable":true,"href":"https:\/\/politicosaldesnudo.com.mx\/index.php\/wp-json\/wp\/v2\/comments?post=51072"}],"version-history":[{"count":0,"href":"https:\/\/politicosaldesnudo.com.mx\/index.php\/wp-json\/wp\/v2\/posts\/51072\/revisions"}],"wp:featuredmedia":[{"embeddable":true,"href":"https:\/\/politicosaldesnudo.com.mx\/index.php\/wp-json\/wp\/v2\/media\/51073"}],"wp:attachment":[{"href":"https:\/\/politicosaldesnudo.com.mx\/index.php\/wp-json\/wp\/v2\/media?parent=51072"}],"wp:term":[{"taxonomy":"category","embeddable":true,"href":"https:\/\/politicosaldesnudo.com.mx\/index.php\/wp-json\/wp\/v2\/categories?post=51072"},{"taxonomy":"post_tag","embeddable":true,"href":"https:\/\/politicosaldesnudo.com.mx\/index.php\/wp-json\/wp\/v2\/tags?post=51072"}],"curies":[{"name":"wp","href":"https:\/\/api.w.org\/{rel}","templated":true}]}}