{"id":51075,"date":"2024-11-26T00:03:25","date_gmt":"2024-11-26T06:03:25","guid":{"rendered":"https:\/\/politicosaldesnudo.com.mx\/?p=51075"},"modified":"2024-11-25T22:06:41","modified_gmt":"2024-11-26T04:06:41","slug":"se-conmemoro-el-68-aniversario-de-la-partida-del-yate-granma-en-el-museo-de-la-hermandad-mexico-cuba","status":"publish","type":"post","link":"https:\/\/politicosaldesnudo.com.mx\/index.php\/2024\/11\/26\/se-conmemoro-el-68-aniversario-de-la-partida-del-yate-granma-en-el-museo-de-la-hermandad-mexico-cuba\/","title":{"rendered":"Se conmemor\u00f3 el 68 Aniversario de la Partida del Yate Granma, en el Museo de la Hermandad M\u00e9xico-Cuba"},"content":{"rendered":"<p><span style=\"font-size: 14pt;\">\u2022 Encabezaron el evento el gobernador Cuitl\u00e1huac Garc\u00eda Jim\u00e9nez, el embajador Marco Rodr\u00edguez Costa y el alcalde Dr. Jes\u00fas Fomperoza Torres.<\/span><\/p>\n<p><span style=\"font-size: 14pt;\">En el Museo de la Hermandad M\u00e9xico-Cuba se conmemor\u00f3 el 68 Aniversario de la Partida del Yate Granma hacia la isla de Cuba, que marcar\u00eda una etapa definitiva en el triunfo de la Revoluci\u00f3n Cubana.<\/span><\/p>\n<p><span style=\"font-size: 14pt;\">Encabezaron la conmemoraci\u00f3n el gobernador del estado de Veracruz, Ing. Cuitl\u00e1huac Garc\u00eda Jim\u00e9nez; el Excelent\u00edsimo Sr. Marcos Rodr\u00edguez Costa, embajador de Cuba en M\u00e9xico; el presidente municipal Dr. Jes\u00fas Fomperoza Torres; la Profa. Gloria S\u00e1nchez Hern\u00e1ndez, presidenta del Movimiento Mexicano de Solidaridad con Cuba, en Veracruz.<\/span><\/p>\n<p><span style=\"font-size: 14pt;\">El vicealmirante Miguel \u00c1ngel Garc\u00eda Portillo, comandante de la 5\u00aa Zona Naval, y el Gral. de Brigada D.E.M. Jorge Antonio Maldonado Guevara, comandante de la 19\u00aa Zona Militar.<\/span><\/p>\n<p><span style=\"font-size: 14pt;\">La s\u00edndica Mtra. Beatriz Pi\u00f1a Vergara; las regidoras y los regidores Mar\u00eda del Pilar Mart\u00ednez Matesanz, Maryanela Monroy Flores, Anah\u00ed Aguilar L\u00f3pez, Lucero Res\u00e9ndis Ambrocio, Luis Demetrio L\u00f3pez Mar\u00edn y Axel Bernal Herrera; la presidenta del DIF Tupan, Melba L\u00f3pez Guti\u00e9rrez; secretarios y directores de las diversas \u00e1reas del H. Ayuntamiento.<\/span><\/p>\n<p><span style=\"font-size: 14pt;\">\u201cEste memorable d\u00eda, en este hist\u00f3rico Museo de la Hermandad M\u00e9xico-Cuba, junto a la escultura r\u00e9plica del yate Granma, refrendo que la hermandad entre Cuba y Tuxpan, as\u00ed como entre Cuba y M\u00e9xico, \u00a1nunca nadie la podr\u00e1 destruir!\u201d, expres\u00f3 el alcalde Jes\u00fas Fomperoza al dar la bienvenida a los asistentes.<\/span><\/p>\n<p><span style=\"font-size: 14pt;\">Asegur\u00f3 que el gobierno que preside continuar\u00e1 con el trabajo de cooperaci\u00f3n e intercambio cultural con Cuba que ha mantenido el gobernador Cuitl\u00e1huac Garc\u00eda Jim\u00e9nez durante sus seis a\u00f1os de gobierno y, en su momento, tambi\u00e9n el exalcalde Jos\u00e9 Manuel Pozos Castro.<\/span><\/p>\n<p><span style=\"font-size: 14pt;\">As\u00ed mismo, se\u00f1al\u00f3: \u201cestoy convencido de que nuestra pr\u00f3xima gobernadora Roc\u00edo Nahle ser\u00e1 una gran aliada para la proyecci\u00f3n de este Museo, que es tambi\u00e9n un s\u00edmbolo de lucha y resistencia\u201d.<\/span><\/p>\n<p><span style=\"font-size: 14pt;\">Jes\u00fas Fomperoza agradeci\u00f3 al embajador de Cuba en M\u00e9xico, Marcos Rodr\u00edguez Costa por apoyar a la conservaci\u00f3n de este sitio emblem\u00e1tico.<\/span><\/p>\n<p><span style=\"font-size: 14pt;\">\u201cHermanos cubanos y pueblo de Tuxpan, a M\u00e9xico y a Cuba nos une una gran solidaridad y hermandad que ha trascendido en el tiempo. Como pueblos hermanos, vamos caminar juntos \u00a1Hasta la victoria siempre!\u201d, concluy\u00f3.<\/span><\/p>\n<p><span style=\"font-size: 14pt;\">Por su parte, el gobernador Cuitl\u00e1huac Garc\u00eda Jim\u00e9nez record\u00f3 que este d\u00eda tambi\u00e9n se conmemora el aniversario luctuoso del expresidente de Cuba, Fidel Castro: \u201cLos a\u00f1os de diferencia entre un hecho y otro, son los mismos llenos de tantos d\u00edas revolucionarios que cambiaron la historia de ese pa\u00eds y de ese pueblo hermano\u201d.<\/span><\/p>\n<p><span style=\"font-size: 14pt;\">Destac\u00f3 que desde Veracruz se har\u00e1 eco a la exigencia para que se ponga un alto al bloqueo impuesto al pueblo de Cuba.<\/span><\/p>\n<p><span style=\"font-size: 14pt;\">El embajador de Cuba en M\u00e9xico, Excelent\u00edsimo Sr. Marcos Rodr\u00edguez Costa, resalt\u00f3 la lucha hist\u00f3rica del comandante Fidel Castro y de los expedicionarios que lo acompa\u00f1aron: \u201csalieron decididos a liberar a Cuba, o a morir en el empe\u00f1o\u201d.<\/span><\/p>\n<p><span style=\"font-size: 14pt;\">\u201cEl Granma es sin\u00f3nimo de proeza, de valor extremo, de fe, de resistencia, de unidad y de coraje, comprado por el inolvidable amigo mexicano Antonio del Conde\u201d, record\u00f3.<\/span><\/p>\n<p><span style=\"font-size: 14pt;\">Dijo que M\u00e9xico tiene un lugar de honor en la historia de la revoluci\u00f3n cubana por cuanto ha hecho y apoyado los sue\u00f1os de libertad y justicia social de ese pa\u00eds: \u201cA M\u00e9xico, a su entra\u00f1able pueblo donde nunca un cubano se ha sentido extranjero, le decimos gracias. Nunca olvidaremos esta traves\u00eda hist\u00f3rica que comenz\u00f3 en este r\u00edo\u201d.<\/span><\/p>\n<p><span style=\"font-size: 14pt;\">Luego de exponer una rese\u00f1a del inicio de la Revoluci\u00f3n Cubana, la Profa. Gloria S\u00e1nchez indic\u00f3 que hoy se celebra la gesta heroica de quienes zarpando de las aguas de Tuxpan hicieron brillar la flama de una libertad posible, alcanzable y jam\u00e1s renunciable.<\/span><\/p>\n<p><span style=\"font-size: 14pt;\">En el evento, el Mtro. Francisco Guzm\u00e1n M\u00e1rquez anunci\u00f3 la constituci\u00f3n del Instituto de Relaciones Culturales Mexicano Cubanas, Flores Mag\u00f3n-Mella, secci\u00f3n Tuxpan, que fortalecer\u00e1 los lazos de amistad y colaboraci\u00f3n entre ambas naciones.<\/span><\/p>\n<p><span style=\"font-size: 14pt;\">Durante el acto protocolario se izaron banderas de M\u00e9xico y Cuba y se entonaron los himnos nacionales de los dos pa\u00edses. Las autoridades presentaron una ofrenda floral y montaron guardia de honor en las esculturas de Jos\u00e9 Mart\u00ed y de la Trilog\u00eda de la Revoluci\u00f3n Cubana.<\/span><\/p>\n<p><span style=\"font-size: 14pt;\">Los asistentes visitaron la exposici\u00f3n fotogr\u00e1fica \u201cPresencia del Che Guevara, expedicionario del Yate Granma\u201d.<\/span><\/p>\n<p><span style=\"font-size: 14pt;\">En la parte art\u00edstica- cultural Reyna Fierro y Heber M\u00e9ndez deleitaron a la concurrencia con el tema \u201cLa Lupe\u201d, del compositor Juan Almeida, y Lucas Montiel Pati\u00f1o interpret\u00f3 con su guitarra \u201chasta siempre, comandante Che Guevara\u201d.<\/span><\/p>\n","protected":false},"excerpt":{"rendered":"<p>\u2022 Encabezaron el evento el gobernador Cuitl\u00e1huac Garc\u00eda Jim\u00e9nez, el embajador Marco Rodr\u00edguez Costa y el alcalde Dr. Jes\u00fas Fomperoza<\/p>\n","protected":false},"author":4,"featured_media":51076,"comment_status":"closed","ping_status":"closed","sticky":false,"template":"","format":"standard","meta":{"colormag_page_container_layout":"default_layout","colormag_page_sidebar_layout":"default_layout","_jetpack_memberships_contains_paid_content":false,"footnotes":"","jetpack_publicize_message":"","jetpack_publicize_feature_enabled":true,"jetpack_social_post_already_shared":false,"jetpack_social_options":{"image_generator_settings":{"template":"highway","default_image_id":0,"font":"","enabled":false},"version":2}},"categories":[3205,1082],"tags":[],"class_list":["post-51075","post","type-post","status-publish","format-standard","has-post-thumbnail","hentry","category-gobierno-tuxpan","category-tuxpan"],"jetpack_publicize_connections":[],"jetpack_featured_media_url":"https:\/\/i0.wp.com\/politicosaldesnudo.com.mx\/wp-content\/uploads\/2024\/11\/aec4d3ac-1e8b-4278-9e91-6c65ffc96c04.jpg?fit=1600%2C1064&ssl=1","jetpack-related-posts":[],"jetpack_sharing_enabled":true,"_links":{"self":[{"href":"https:\/\/politicosaldesnudo.com.mx\/index.php\/wp-json\/wp\/v2\/posts\/51075","targetHints":{"allow":["GET"]}}],"collection":[{"href":"https:\/\/politicosaldesnudo.com.mx\/index.php\/wp-json\/wp\/v2\/posts"}],"about":[{"href":"https:\/\/politicosaldesnudo.com.mx\/index.php\/wp-json\/wp\/v2\/types\/post"}],"author":[{"embeddable":true,"href":"https:\/\/politicosaldesnudo.com.mx\/index.php\/wp-json\/wp\/v2\/users\/4"}],"replies":[{"embeddable":true,"href":"https:\/\/politicosaldesnudo.com.mx\/index.php\/wp-json\/wp\/v2\/comments?post=51075"}],"version-history":[{"count":0,"href":"https:\/\/politicosaldesnudo.com.mx\/index.php\/wp-json\/wp\/v2\/posts\/51075\/revisions"}],"wp:featuredmedia":[{"embeddable":true,"href":"https:\/\/politicosaldesnudo.com.mx\/index.php\/wp-json\/wp\/v2\/media\/51076"}],"wp:attachment":[{"href":"https:\/\/politicosaldesnudo.com.mx\/index.php\/wp-json\/wp\/v2\/media?parent=51075"}],"wp:term":[{"taxonomy":"category","embeddable":true,"href":"https:\/\/politicosaldesnudo.com.mx\/index.php\/wp-json\/wp\/v2\/categories?post=51075"},{"taxonomy":"post_tag","embeddable":true,"href":"https:\/\/politicosaldesnudo.com.mx\/index.php\/wp-json\/wp\/v2\/tags?post=51075"}],"curies":[{"name":"wp","href":"https:\/\/api.w.org\/{rel}","templated":true}]}}