{"id":51087,"date":"2024-11-26T00:08:48","date_gmt":"2024-11-26T06:08:48","guid":{"rendered":"https:\/\/politicosaldesnudo.com.mx\/?p=51087"},"modified":"2024-11-25T22:15:25","modified_gmt":"2024-11-26T04:15:25","slug":"productores-de-maiz-denuncian-recorte-injustificado-en-precios-de-garantia-para-pequenos-agricultores","status":"publish","type":"post","link":"https:\/\/politicosaldesnudo.com.mx\/index.php\/2024\/11\/26\/productores-de-maiz-denuncian-recorte-injustificado-en-precios-de-garantia-para-pequenos-agricultores\/","title":{"rendered":"Productores de ma\u00edz denuncian recorte injustificado en precios de garant\u00eda para peque\u00f1os agricultores"},"content":{"rendered":"<p><span style=\"font-size: 14pt;\">Representantes del\u00a0Sistema Producto-Ma\u00edz de Jalisco y Sinaloa\u00a0han levantado la voz para exigir al gobierno federal una\u00a0revisi\u00f3n urgente de los precios de garant\u00eda del ma\u00edz, argumentando que los costos de producci\u00f3n contin\u00faan en ascenso mientras los precios garantizados siguen disminuyendo, afectando severamente la rentabilidad de los peque\u00f1os productores.<\/span><\/p>\n<p><span style=\"font-size: 14pt;\">El\u00a0precio de garant\u00eda\u00a0para los peque\u00f1os productores, que era de 6,915 pesos m\u00e1s 160 pesos de flete, ha sido reducido a 5,840 pesos m\u00e1s 160 pesos de flete; la medida carece de justificaci\u00f3n social, t\u00e9cnica o pol\u00edtica y pone en riesgo la subsistencia de miles de peque\u00f1os y medianos productores en todo el pa\u00eds, dijo Serapio Vargas, presidente nacional del Sistema Producto-Ma\u00edz y diputado en el Congreso del Estado de Sinaloa.<\/span><\/p>\n","protected":false},"excerpt":{"rendered":"<p>Representantes del\u00a0Sistema Producto-Ma\u00edz de Jalisco y Sinaloa\u00a0han levantado la voz para exigir al gobierno federal una\u00a0revisi\u00f3n urgente de los precios<\/p>\n","protected":false},"author":4,"featured_media":51088,"comment_status":"closed","ping_status":"closed","sticky":false,"template":"","format":"standard","meta":{"colormag_page_container_layout":"default_layout","colormag_page_sidebar_layout":"default_layout","_jetpack_memberships_contains_paid_content":false,"footnotes":"","jetpack_publicize_message":"","jetpack_publicize_feature_enabled":true,"jetpack_social_post_already_shared":false,"jetpack_social_options":{"image_generator_settings":{"template":"highway","default_image_id":0,"font":"","enabled":false},"version":2}},"categories":[30],"tags":[],"class_list":["post-51087","post","type-post","status-publish","format-standard","has-post-thumbnail","hentry","category-estados"],"jetpack_publicize_connections":[],"jetpack_featured_media_url":"https:\/\/i0.wp.com\/politicosaldesnudo.com.mx\/wp-content\/uploads\/2024\/11\/66e88ca7227e0.jpeg?fit=1000%2C563&ssl=1","jetpack-related-posts":[],"jetpack_sharing_enabled":true,"_links":{"self":[{"href":"https:\/\/politicosaldesnudo.com.mx\/index.php\/wp-json\/wp\/v2\/posts\/51087","targetHints":{"allow":["GET"]}}],"collection":[{"href":"https:\/\/politicosaldesnudo.com.mx\/index.php\/wp-json\/wp\/v2\/posts"}],"about":[{"href":"https:\/\/politicosaldesnudo.com.mx\/index.php\/wp-json\/wp\/v2\/types\/post"}],"author":[{"embeddable":true,"href":"https:\/\/politicosaldesnudo.com.mx\/index.php\/wp-json\/wp\/v2\/users\/4"}],"replies":[{"embeddable":true,"href":"https:\/\/politicosaldesnudo.com.mx\/index.php\/wp-json\/wp\/v2\/comments?post=51087"}],"version-history":[{"count":0,"href":"https:\/\/politicosaldesnudo.com.mx\/index.php\/wp-json\/wp\/v2\/posts\/51087\/revisions"}],"wp:featuredmedia":[{"embeddable":true,"href":"https:\/\/politicosaldesnudo.com.mx\/index.php\/wp-json\/wp\/v2\/media\/51088"}],"wp:attachment":[{"href":"https:\/\/politicosaldesnudo.com.mx\/index.php\/wp-json\/wp\/v2\/media?parent=51087"}],"wp:term":[{"taxonomy":"category","embeddable":true,"href":"https:\/\/politicosaldesnudo.com.mx\/index.php\/wp-json\/wp\/v2\/categories?post=51087"},{"taxonomy":"post_tag","embeddable":true,"href":"https:\/\/politicosaldesnudo.com.mx\/index.php\/wp-json\/wp\/v2\/tags?post=51087"}],"curies":[{"name":"wp","href":"https:\/\/api.w.org\/{rel}","templated":true}]}}